{"id":10404,"date":"2025-08-25T16:00:21","date_gmt":"2025-08-25T19:00:21","guid":{"rendered":"https:\/\/sanignacioconcepcion.cl\/sitio\/?p=10404"},"modified":"2025-08-25T16:00:21","modified_gmt":"2025-08-25T19:00:21","slug":"festival-de-mini-voleibol-en-san-ignacio","status":"publish","type":"post","link":"http:\/\/sanignacioconcepcion.cl\/sitio\/festival-de-mini-voleibol-en-san-ignacio\/","title":{"rendered":"Festival de Mini Voleibol en San Ignacio"},"content":{"rendered":"<p data-start=\"131\" data-end=\"301\">El s\u00e1bado 23 de agosto se realiz\u00f3 en nuestro colegio el <strong data-start=\"187\" data-end=\"216\">Festival de Mini Voleibol<\/strong>, una jornada deportiva y recreativa que reuni\u00f3 a estudiantes desde 3\u00b0 a 6\u00b0 b\u00e1sico.<\/p>\n<p data-start=\"501\" data-end=\"673\">Participaron delegaciones del <strong data-start=\"531\" data-end=\"562\">Colegio Almondale San Pedro<\/strong>, <strong data-start=\"564\" data-end=\"585\">Colegio Salesiano<\/strong> y <strong data-start=\"588\" data-end=\"610\">Sagrados Corazones<\/strong>, compartiendo un espacio de compa\u00f1erismo y sana competencia.<\/p>\n<p data-start=\"675\" data-end=\"869\">Nuestro colegio present\u00f3 <strong data-start=\"700\" data-end=\"783\">dos equipos \u2014San Ignacio A y San Ignacio B\u2014 con un total de 11 mini deportistas<\/strong>, quienes representaron con entusiasmo y compromiso el esp\u00edritu deportivo ignaciano.<\/p>\n<p data-start=\"871\" data-end=\"1044\">Este festival no solo foment\u00f3 la pr\u00e1ctica del voleibol desde temprana edad, sino que tambi\u00e9n fortaleci\u00f3 la amistad y el trabajo en equipo entre los colegios participantes.<\/p>\n","protected":false},"excerpt":{"rendered":"<p>El s\u00e1bado 23 de agosto se realiz\u00f3 en nuestro colegio el Festival de Mini Voleibol, una jornada deportiva y recreativa que reuni\u00f3 a estudiantes desde 3\u00b0 a 6\u00b0 b\u00e1sico. Participaron delegaciones del Colegio Almondale San Pedro, Colegio Salesiano y Sagrados Corazones, compartiendo un espacio de compa\u00f1erismo y sana competencia. Nuestro colegio present\u00f3 dos equipos \u2014San&hellip;<\/p>\n","protected":false},"author":1,"featured_media":10405,"comment_status":"closed","ping_status":"closed","sticky":false,"template":"","format":"standard","meta":[],"categories":[4],"tags":[],"_links":{"self":[{"href":"http:\/\/sanignacioconcepcion.cl\/sitio\/wp-json\/wp\/v2\/posts\/10404"}],"collection":[{"href":"http:\/\/sanignacioconcepcion.cl\/sitio\/wp-json\/wp\/v2\/posts"}],"about":[{"href":"http:\/\/sanignacioconcepcion.cl\/sitio\/wp-json\/wp\/v2\/types\/post"}],"author":[{"embeddable":true,"href":"http:\/\/sanignacioconcepcion.cl\/sitio\/wp-json\/wp\/v2\/users\/1"}],"replies":[{"embeddable":true,"href":"http:\/\/sanignacioconcepcion.cl\/sitio\/wp-json\/wp\/v2\/comments?post=10404"}],"version-history":[{"count":1,"href":"http:\/\/sanignacioconcepcion.cl\/sitio\/wp-json\/wp\/v2\/posts\/10404\/revisions"}],"predecessor-version":[{"id":10406,"href":"http:\/\/sanignacioconcepcion.cl\/sitio\/wp-json\/wp\/v2\/posts\/10404\/revisions\/10406"}],"wp:featuredmedia":[{"embeddable":true,"href":"http:\/\/sanignacioconcepcion.cl\/sitio\/wp-json\/wp\/v2\/media\/10405"}],"wp:attachment":[{"href":"http:\/\/sanignacioconcepcion.cl\/sitio\/wp-json\/wp\/v2\/media?parent=10404"}],"wp:term":[{"taxonomy":"category","embeddable":true,"href":"http:\/\/sanignacioconcepcion.cl\/sitio\/wp-json\/wp\/v2\/categories?post=10404"},{"taxonomy":"post_tag","embeddable":true,"href":"http:\/\/sanignacioconcepcion.cl\/sitio\/wp-json\/wp\/v2\/tags?post=10404"}],"curies":[{"name":"wp","href":"https:\/\/api.w.org\/{rel}","templated":true}]}}