{"id":10407,"date":"2025-08-25T16:03:49","date_gmt":"2025-08-25T19:03:49","guid":{"rendered":"https:\/\/sanignacioconcepcion.cl\/sitio\/?p=10407"},"modified":"2025-08-25T16:03:49","modified_gmt":"2025-08-25T19:03:49","slug":"destacada-participacion-en-torneo-de-gimnasia-artistica-adicpa","status":"publish","type":"post","link":"http:\/\/sanignacioconcepcion.cl\/sitio\/destacada-participacion-en-torneo-de-gimnasia-artistica-adicpa\/","title":{"rendered":"Destacada participaci\u00f3n en Torneo de Gimnasia Art\u00edstica ADICPA"},"content":{"rendered":"<p data-start=\"149\" data-end=\"344\">El s\u00e1bado 23 de agosto, se llev\u00f3 a cabo en el Liceo La Asunci\u00f3n el Torneo de Gimnasia Art\u00edstica Nivel Mini Mini, organizado por ADICPA, que convoc\u00f3 a estudiantes de siete colegios de la zona.<\/p>\n<p data-start=\"346\" data-end=\"515\">En esta competencia, los ni\u00f1os participaron en las pruebas de salto y suelo, mientras que las ni\u00f1as lo hicieron en suelo, salto y viga de equilibrio.<\/p>\n<p data-start=\"517\" data-end=\"580\">Nuestros representantes tuvieron una actuaci\u00f3n sobresaliente:<\/p>\n<ul data-start=\"581\" data-end=\"927\">\n<li data-start=\"581\" data-end=\"739\">\n<p data-start=\"583\" data-end=\"739\">Varones:\u00a0 Tom\u00e1s Torres (1\u00b0 lugar), Crist\u00f3bal Contreras (2\u00b0 lugar) y El\u00edas Soto (3\u00b0 lugar) en distintas pruebas.<\/p>\n<\/li>\n<li data-start=\"740\" data-end=\"927\">\n<p data-start=\"742\" data-end=\"927\">Damas: alcanzaron el 3\u00b0 lugar por equipos y, de manera individual, Irina Sidelnikov obtuvo el 1\u00b0 lugar en viga, salto y suelo, consolidando una destacada presentaci\u00f3n.<\/p>\n<\/li>\n<\/ul>\n<p data-start=\"929\" data-end=\"1085\">Felicitamos a todos nuestros gimnastas por su esfuerzo, dedicaci\u00f3n y por representar con orgullo a nuestro colegio en esta importante instancia deportiva.<\/p>\n","protected":false},"excerpt":{"rendered":"<p>El s\u00e1bado 23 de agosto, se llev\u00f3 a cabo en el Liceo La Asunci\u00f3n el Torneo de Gimnasia Art\u00edstica Nivel Mini Mini, organizado por ADICPA, que convoc\u00f3 a estudiantes de siete colegios de la zona. En esta competencia, los ni\u00f1os participaron en las pruebas de salto y suelo, mientras que las ni\u00f1as lo hicieron en&hellip;<\/p>\n","protected":false},"author":1,"featured_media":10408,"comment_status":"closed","ping_status":"closed","sticky":false,"template":"","format":"standard","meta":[],"categories":[4],"tags":[],"_links":{"self":[{"href":"http:\/\/sanignacioconcepcion.cl\/sitio\/wp-json\/wp\/v2\/posts\/10407"}],"collection":[{"href":"http:\/\/sanignacioconcepcion.cl\/sitio\/wp-json\/wp\/v2\/posts"}],"about":[{"href":"http:\/\/sanignacioconcepcion.cl\/sitio\/wp-json\/wp\/v2\/types\/post"}],"author":[{"embeddable":true,"href":"http:\/\/sanignacioconcepcion.cl\/sitio\/wp-json\/wp\/v2\/users\/1"}],"replies":[{"embeddable":true,"href":"http:\/\/sanignacioconcepcion.cl\/sitio\/wp-json\/wp\/v2\/comments?post=10407"}],"version-history":[{"count":1,"href":"http:\/\/sanignacioconcepcion.cl\/sitio\/wp-json\/wp\/v2\/posts\/10407\/revisions"}],"predecessor-version":[{"id":10409,"href":"http:\/\/sanignacioconcepcion.cl\/sitio\/wp-json\/wp\/v2\/posts\/10407\/revisions\/10409"}],"wp:featuredmedia":[{"embeddable":true,"href":"http:\/\/sanignacioconcepcion.cl\/sitio\/wp-json\/wp\/v2\/media\/10408"}],"wp:attachment":[{"href":"http:\/\/sanignacioconcepcion.cl\/sitio\/wp-json\/wp\/v2\/media?parent=10407"}],"wp:term":[{"taxonomy":"category","embeddable":true,"href":"http:\/\/sanignacioconcepcion.cl\/sitio\/wp-json\/wp\/v2\/categories?post=10407"},{"taxonomy":"post_tag","embeddable":true,"href":"http:\/\/sanignacioconcepcion.cl\/sitio\/wp-json\/wp\/v2\/tags?post=10407"}],"curies":[{"name":"wp","href":"https:\/\/api.w.org\/{rel}","templated":true}]}}