{"id":10421,"date":"2025-08-26T15:28:14","date_gmt":"2025-08-26T18:28:14","guid":{"rendered":"https:\/\/sanignacioconcepcion.cl\/sitio\/?p=10421"},"modified":"2025-08-26T15:28:14","modified_gmt":"2025-08-26T18:28:14","slug":"capacitacion-preventiva-en-proteccion-de-nna","status":"publish","type":"post","link":"http:\/\/sanignacioconcepcion.cl\/sitio\/capacitacion-preventiva-en-proteccion-de-nna\/","title":{"rendered":"Capacitaci\u00f3n preventiva en protecci\u00f3n de NNA"},"content":{"rendered":"<p data-start=\"79\" data-end=\"470\">Como comunidad educativa, cada a\u00f1o realizamos charlas preventivas para todos nuestros educadores en torno a la prevenci\u00f3n de situaciones de acoso y\/o abuso sexual en ni\u00f1os, ni\u00f1as y adolescentes (NNA). Estas instancias buscan reforzar nuestro compromiso con la seguridad y el cuidado integral de los estudiantes, promoviendo una cultura escolar basada en el respeto y la protecci\u00f3n.<\/p>\n<p data-start=\"472\" data-end=\"848\">Este a\u00f1o iniciamos un trabajo m\u00e1s focalizado, desarrollando encuentros en grupos m\u00e1s peque\u00f1os. Los primeros en participar fueron nuestros auxiliares de servicio, a quienes se sumar\u00e1n otros equipos de personal no docente, como administrativos y mantenci\u00f3n, con el fin de ampliar la concientizaci\u00f3n sobre nuestros c\u00f3digos de conducta y protocolos de resguardo.<\/p>\n<p data-start=\"850\" data-end=\"1005\">\n","protected":false},"excerpt":{"rendered":"<p>Como comunidad educativa, cada a\u00f1o realizamos charlas preventivas para todos nuestros educadores en torno a la prevenci\u00f3n de situaciones de acoso y\/o abuso sexual en ni\u00f1os, ni\u00f1as y adolescentes (NNA). Estas instancias buscan reforzar nuestro compromiso con la seguridad y el cuidado integral de los estudiantes, promoviendo una cultura escolar basada en el respeto y&hellip;<\/p>\n","protected":false},"author":1,"featured_media":10422,"comment_status":"closed","ping_status":"closed","sticky":false,"template":"","format":"standard","meta":[],"categories":[4],"tags":[],"_links":{"self":[{"href":"http:\/\/sanignacioconcepcion.cl\/sitio\/wp-json\/wp\/v2\/posts\/10421"}],"collection":[{"href":"http:\/\/sanignacioconcepcion.cl\/sitio\/wp-json\/wp\/v2\/posts"}],"about":[{"href":"http:\/\/sanignacioconcepcion.cl\/sitio\/wp-json\/wp\/v2\/types\/post"}],"author":[{"embeddable":true,"href":"http:\/\/sanignacioconcepcion.cl\/sitio\/wp-json\/wp\/v2\/users\/1"}],"replies":[{"embeddable":true,"href":"http:\/\/sanignacioconcepcion.cl\/sitio\/wp-json\/wp\/v2\/comments?post=10421"}],"version-history":[{"count":1,"href":"http:\/\/sanignacioconcepcion.cl\/sitio\/wp-json\/wp\/v2\/posts\/10421\/revisions"}],"predecessor-version":[{"id":10423,"href":"http:\/\/sanignacioconcepcion.cl\/sitio\/wp-json\/wp\/v2\/posts\/10421\/revisions\/10423"}],"wp:featuredmedia":[{"embeddable":true,"href":"http:\/\/sanignacioconcepcion.cl\/sitio\/wp-json\/wp\/v2\/media\/10422"}],"wp:attachment":[{"href":"http:\/\/sanignacioconcepcion.cl\/sitio\/wp-json\/wp\/v2\/media?parent=10421"}],"wp:term":[{"taxonomy":"category","embeddable":true,"href":"http:\/\/sanignacioconcepcion.cl\/sitio\/wp-json\/wp\/v2\/categories?post=10421"},{"taxonomy":"post_tag","embeddable":true,"href":"http:\/\/sanignacioconcepcion.cl\/sitio\/wp-json\/wp\/v2\/tags?post=10421"}],"curies":[{"name":"wp","href":"https:\/\/api.w.org\/{rel}","templated":true}]}}