{"id":10424,"date":"2025-08-26T15:33:28","date_gmt":"2025-08-26T18:33:28","guid":{"rendered":"https:\/\/sanignacioconcepcion.cl\/sitio\/?p=10424"},"modified":"2025-08-26T15:33:41","modified_gmt":"2025-08-26T18:33:41","slug":"feria-de-neurociencia-en-alianza-con-la-udd","status":"publish","type":"post","link":"http:\/\/sanignacioconcepcion.cl\/sitio\/feria-de-neurociencia-en-alianza-con-la-udd\/","title":{"rendered":"Feria de Neurociencia en alianza con la UDD"},"content":{"rendered":"<p data-start=\"129\" data-end=\"351\">Ayer, lunes 25 de agosto, nuestra biblioteca fue escenario de una enriquecedora jornada de vinculaci\u00f3n con la carrera de Kinesiolog\u00eda de la Universidad del Desarrollo (UDD).<\/p>\n<p data-start=\"353\" data-end=\"737\">Estudiantes de dicha carrera realizaron una Feria de Neurociencia para los alumnos de Segundo Medio A, en el marco de la asignatura de Pr\u00e1cticas Cient\u00edficas. A trav\u00e9s de actividades interactivas y demostraciones, nuestros estudiantes pudieron acercarse de manera pr\u00e1ctica a los conocimientos sobre el sistema nervioso y su impacto en la vida diaria. <span style=\"color: #800000;\"><a style=\"color: #800000;\" href=\"https:\/\/photos.app.goo.gl\/Fen1TcsmUZwt9msH7\"><strong>Ver fotos<\/strong><\/a><\/span><\/p>\n","protected":false},"excerpt":{"rendered":"<p>Ayer, lunes 25 de agosto, nuestra biblioteca fue escenario de una enriquecedora jornada de vinculaci\u00f3n con la carrera de Kinesiolog\u00eda de la Universidad del Desarrollo (UDD). Estudiantes de dicha carrera realizaron una Feria de Neurociencia para los alumnos de Segundo Medio A, en el marco de la asignatura de Pr\u00e1cticas Cient\u00edficas. A trav\u00e9s de actividades&hellip;<\/p>\n","protected":false},"author":1,"featured_media":10425,"comment_status":"closed","ping_status":"closed","sticky":false,"template":"","format":"standard","meta":[],"categories":[4],"tags":[],"_links":{"self":[{"href":"http:\/\/sanignacioconcepcion.cl\/sitio\/wp-json\/wp\/v2\/posts\/10424"}],"collection":[{"href":"http:\/\/sanignacioconcepcion.cl\/sitio\/wp-json\/wp\/v2\/posts"}],"about":[{"href":"http:\/\/sanignacioconcepcion.cl\/sitio\/wp-json\/wp\/v2\/types\/post"}],"author":[{"embeddable":true,"href":"http:\/\/sanignacioconcepcion.cl\/sitio\/wp-json\/wp\/v2\/users\/1"}],"replies":[{"embeddable":true,"href":"http:\/\/sanignacioconcepcion.cl\/sitio\/wp-json\/wp\/v2\/comments?post=10424"}],"version-history":[{"count":2,"href":"http:\/\/sanignacioconcepcion.cl\/sitio\/wp-json\/wp\/v2\/posts\/10424\/revisions"}],"predecessor-version":[{"id":10427,"href":"http:\/\/sanignacioconcepcion.cl\/sitio\/wp-json\/wp\/v2\/posts\/10424\/revisions\/10427"}],"wp:featuredmedia":[{"embeddable":true,"href":"http:\/\/sanignacioconcepcion.cl\/sitio\/wp-json\/wp\/v2\/media\/10425"}],"wp:attachment":[{"href":"http:\/\/sanignacioconcepcion.cl\/sitio\/wp-json\/wp\/v2\/media?parent=10424"}],"wp:term":[{"taxonomy":"category","embeddable":true,"href":"http:\/\/sanignacioconcepcion.cl\/sitio\/wp-json\/wp\/v2\/categories?post=10424"},{"taxonomy":"post_tag","embeddable":true,"href":"http:\/\/sanignacioconcepcion.cl\/sitio\/wp-json\/wp\/v2\/tags?post=10424"}],"curies":[{"name":"wp","href":"https:\/\/api.w.org\/{rel}","templated":true}]}}