{"id":10438,"date":"2025-09-01T10:42:59","date_gmt":"2025-09-01T13:42:59","guid":{"rendered":"https:\/\/sanignacioconcepcion.cl\/sitio\/?p=10438"},"modified":"2025-09-01T10:42:59","modified_gmt":"2025-09-01T13:42:59","slug":"charla-sobre-prevencion-del-consumo-de-drogas","status":"publish","type":"post","link":"http:\/\/sanignacioconcepcion.cl\/sitio\/charla-sobre-prevencion-del-consumo-de-drogas\/","title":{"rendered":"Charla sobre prevenci\u00f3n del consumo de drogas"},"content":{"rendered":"<p data-start=\"132\" data-end=\"383\">El jueves 28 de agosto, nuestros estudiantes de 2\u00b0 y 3\u00b0 Medio participaron en una enriquecedora charla sobre <strong data-start=\"241\" data-end=\"277\">prevenci\u00f3n del consumo de drogas<\/strong>, instancia que busc\u00f3 entregar herramientas e informaci\u00f3n clave para la toma de decisiones responsables.<\/p>\n<p data-start=\"385\" data-end=\"674\">La actividad fue dirigida por el <strong data-start=\"418\" data-end=\"447\">Comisario Gabriel Bonasea<\/strong>, de la Brigada Antinarc\u00f3ticos de la Polic\u00eda de Investigaciones (PDI), quien comparti\u00f3 su experiencia y conocimientos sobre los riesgos asociados al consumo de sustancias.<\/p>\n<p data-start=\"676\" data-end=\"852\">Como comunidad educativa, valoramos estos espacios de di\u00e1logo y aprendizaje que refuerzan nuestro compromiso con el bienestar y la formaci\u00f3n integral de nuestros estudiantes.<\/p>\n","protected":false},"excerpt":{"rendered":"<p>El jueves 28 de agosto, nuestros estudiantes de 2\u00b0 y 3\u00b0 Medio participaron en una enriquecedora charla sobre prevenci\u00f3n del consumo de drogas, instancia que busc\u00f3 entregar herramientas e informaci\u00f3n clave para la toma de decisiones responsables. La actividad fue dirigida por el Comisario Gabriel Bonasea, de la Brigada Antinarc\u00f3ticos de la Polic\u00eda de Investigaciones&hellip;<\/p>\n","protected":false},"author":1,"featured_media":10439,"comment_status":"closed","ping_status":"closed","sticky":false,"template":"","format":"standard","meta":[],"categories":[4],"tags":[],"_links":{"self":[{"href":"http:\/\/sanignacioconcepcion.cl\/sitio\/wp-json\/wp\/v2\/posts\/10438"}],"collection":[{"href":"http:\/\/sanignacioconcepcion.cl\/sitio\/wp-json\/wp\/v2\/posts"}],"about":[{"href":"http:\/\/sanignacioconcepcion.cl\/sitio\/wp-json\/wp\/v2\/types\/post"}],"author":[{"embeddable":true,"href":"http:\/\/sanignacioconcepcion.cl\/sitio\/wp-json\/wp\/v2\/users\/1"}],"replies":[{"embeddable":true,"href":"http:\/\/sanignacioconcepcion.cl\/sitio\/wp-json\/wp\/v2\/comments?post=10438"}],"version-history":[{"count":1,"href":"http:\/\/sanignacioconcepcion.cl\/sitio\/wp-json\/wp\/v2\/posts\/10438\/revisions"}],"predecessor-version":[{"id":10440,"href":"http:\/\/sanignacioconcepcion.cl\/sitio\/wp-json\/wp\/v2\/posts\/10438\/revisions\/10440"}],"wp:featuredmedia":[{"embeddable":true,"href":"http:\/\/sanignacioconcepcion.cl\/sitio\/wp-json\/wp\/v2\/media\/10439"}],"wp:attachment":[{"href":"http:\/\/sanignacioconcepcion.cl\/sitio\/wp-json\/wp\/v2\/media?parent=10438"}],"wp:term":[{"taxonomy":"category","embeddable":true,"href":"http:\/\/sanignacioconcepcion.cl\/sitio\/wp-json\/wp\/v2\/categories?post=10438"},{"taxonomy":"post_tag","embeddable":true,"href":"http:\/\/sanignacioconcepcion.cl\/sitio\/wp-json\/wp\/v2\/tags?post=10438"}],"curies":[{"name":"wp","href":"https:\/\/api.w.org\/{rel}","templated":true}]}}