{"id":10444,"date":"2025-09-01T15:29:57","date_gmt":"2025-09-01T18:29:57","guid":{"rendered":"https:\/\/sanignacioconcepcion.cl\/sitio\/?p=10444"},"modified":"2025-09-01T15:48:36","modified_gmt":"2025-09-01T18:48:36","slug":"ii-cafe-musical-una-jornada-de-talento-y-encuentro","status":"publish","type":"post","link":"http:\/\/sanignacioconcepcion.cl\/sitio\/ii-cafe-musical-una-jornada-de-talento-y-encuentro\/","title":{"rendered":"II Caf\u00e9 Musical: una jornada de talento y encuentro"},"content":{"rendered":"<p data-start=\"124\" data-end=\"326\">El viernes 29 de agosto se realiz\u00f3 con gran \u00e9xito la segunda versi\u00f3n del Caf\u00e9 Musical, instancia que reuni\u00f3 a nuestra comunidad en un ambiente de armon\u00eda, alegr\u00eda y encuentro en torno a la m\u00fasica.<\/p>\n<p>En total, se presentaron 20 bandas, integradas por estudiantes de distintos niveles, quienes desplegaron todo su talento y entusiasmo sobre el escenario, cautivando a las familias y compa\u00f1eros presentes. La jornada se transform\u00f3 en un espacio de convivencia y de expresi\u00f3n art\u00edstica que refuerza el valor de la m\u00fasica como parte fundamental de la formaci\u00f3n integral de nuestros estudiantes.<\/p>\n<p>Se destaca el importante rol del Centro de Padres y Apoderados, as\u00ed como de los profesores Marisol \u00c1lvarez, Felipe Mu\u00f1oz y Alejandra Barros, cuyo apoyo fue fundamental en la organizaci\u00f3n y desarrollo de esta actividad, que ya se consolida como una tradici\u00f3n esperada en nuestra comunidad educativa.<\/p>\n<p data-start=\"726\" data-end=\"1044\">\n","protected":false},"excerpt":{"rendered":"<p>El viernes 29 de agosto se realiz\u00f3 con gran \u00e9xito la segunda versi\u00f3n del Caf\u00e9 Musical, instancia que reuni\u00f3 a nuestra comunidad en un ambiente de armon\u00eda, alegr\u00eda y encuentro en torno a la m\u00fasica. En total, se presentaron 20 bandas, integradas por estudiantes de distintos niveles, quienes desplegaron todo su talento y entusiasmo sobre&hellip;<\/p>\n","protected":false},"author":1,"featured_media":10451,"comment_status":"closed","ping_status":"closed","sticky":false,"template":"","format":"standard","meta":[],"categories":[4],"tags":[],"_links":{"self":[{"href":"http:\/\/sanignacioconcepcion.cl\/sitio\/wp-json\/wp\/v2\/posts\/10444"}],"collection":[{"href":"http:\/\/sanignacioconcepcion.cl\/sitio\/wp-json\/wp\/v2\/posts"}],"about":[{"href":"http:\/\/sanignacioconcepcion.cl\/sitio\/wp-json\/wp\/v2\/types\/post"}],"author":[{"embeddable":true,"href":"http:\/\/sanignacioconcepcion.cl\/sitio\/wp-json\/wp\/v2\/users\/1"}],"replies":[{"embeddable":true,"href":"http:\/\/sanignacioconcepcion.cl\/sitio\/wp-json\/wp\/v2\/comments?post=10444"}],"version-history":[{"count":1,"href":"http:\/\/sanignacioconcepcion.cl\/sitio\/wp-json\/wp\/v2\/posts\/10444\/revisions"}],"predecessor-version":[{"id":10445,"href":"http:\/\/sanignacioconcepcion.cl\/sitio\/wp-json\/wp\/v2\/posts\/10444\/revisions\/10445"}],"wp:featuredmedia":[{"embeddable":true,"href":"http:\/\/sanignacioconcepcion.cl\/sitio\/wp-json\/wp\/v2\/media\/10451"}],"wp:attachment":[{"href":"http:\/\/sanignacioconcepcion.cl\/sitio\/wp-json\/wp\/v2\/media?parent=10444"}],"wp:term":[{"taxonomy":"category","embeddable":true,"href":"http:\/\/sanignacioconcepcion.cl\/sitio\/wp-json\/wp\/v2\/categories?post=10444"},{"taxonomy":"post_tag","embeddable":true,"href":"http:\/\/sanignacioconcepcion.cl\/sitio\/wp-json\/wp\/v2\/tags?post=10444"}],"curies":[{"name":"wp","href":"https:\/\/api.w.org\/{rel}","templated":true}]}}