{"id":10455,"date":"2025-09-01T16:23:00","date_gmt":"2025-09-01T19:23:00","guid":{"rendered":"https:\/\/sanignacioconcepcion.cl\/sitio\/?p=10455"},"modified":"2025-09-01T16:23:00","modified_gmt":"2025-09-01T19:23:00","slug":"docentes-participaron-en-conversatorio-en-la-udec","status":"publish","type":"post","link":"http:\/\/sanignacioconcepcion.cl\/sitio\/docentes-participaron-en-conversatorio-en-la-udec\/","title":{"rendered":"Docentes participaron en conversatorio en la UdeC"},"content":{"rendered":"<p data-start=\"146\" data-end=\"382\">El viernes 29 de agosto, nuestras docentes Eny Luz Mu\u00f1oz y Claudia Salgado participaron en un conversatorio con estudiantes de Pedagog\u00eda en Ingl\u00e9s de la Universidad de Concepci\u00f3n, invitados por la profesora Lorena Curilao.<\/p>\n<p data-start=\"384\" data-end=\"646\">La instancia, realizada en el marco de la asignatura <em data-start=\"437\" data-end=\"500\">Pr\u00e1ctica Intermedia I: Orientaci\u00f3n para la formaci\u00f3n integral<\/em>, abord\u00f3 el rol del profesor jefe en la formaci\u00f3n de ni\u00f1os, ni\u00f1as y adolescentes, as\u00ed como las experiencias de nuestras docentes en este \u00e1mbito.<\/p>\n<p data-start=\"648\" data-end=\"801\">Este espacio refuerza el v\u00ednculo entre nuestro colegio y la UdeC, y reafirma el compromiso compartido con la formaci\u00f3n integral de los estudiantes.<\/p>\n","protected":false},"excerpt":{"rendered":"<p>El viernes 29 de agosto, nuestras docentes Eny Luz Mu\u00f1oz y Claudia Salgado participaron en un conversatorio con estudiantes de Pedagog\u00eda en Ingl\u00e9s de la Universidad de Concepci\u00f3n, invitados por la profesora Lorena Curilao. La instancia, realizada en el marco de la asignatura Pr\u00e1ctica Intermedia I: Orientaci\u00f3n para la formaci\u00f3n integral, abord\u00f3 el rol del&hellip;<\/p>\n","protected":false},"author":1,"featured_media":10456,"comment_status":"closed","ping_status":"closed","sticky":false,"template":"","format":"standard","meta":[],"categories":[4],"tags":[],"_links":{"self":[{"href":"http:\/\/sanignacioconcepcion.cl\/sitio\/wp-json\/wp\/v2\/posts\/10455"}],"collection":[{"href":"http:\/\/sanignacioconcepcion.cl\/sitio\/wp-json\/wp\/v2\/posts"}],"about":[{"href":"http:\/\/sanignacioconcepcion.cl\/sitio\/wp-json\/wp\/v2\/types\/post"}],"author":[{"embeddable":true,"href":"http:\/\/sanignacioconcepcion.cl\/sitio\/wp-json\/wp\/v2\/users\/1"}],"replies":[{"embeddable":true,"href":"http:\/\/sanignacioconcepcion.cl\/sitio\/wp-json\/wp\/v2\/comments?post=10455"}],"version-history":[{"count":1,"href":"http:\/\/sanignacioconcepcion.cl\/sitio\/wp-json\/wp\/v2\/posts\/10455\/revisions"}],"predecessor-version":[{"id":10457,"href":"http:\/\/sanignacioconcepcion.cl\/sitio\/wp-json\/wp\/v2\/posts\/10455\/revisions\/10457"}],"wp:featuredmedia":[{"embeddable":true,"href":"http:\/\/sanignacioconcepcion.cl\/sitio\/wp-json\/wp\/v2\/media\/10456"}],"wp:attachment":[{"href":"http:\/\/sanignacioconcepcion.cl\/sitio\/wp-json\/wp\/v2\/media?parent=10455"}],"wp:term":[{"taxonomy":"category","embeddable":true,"href":"http:\/\/sanignacioconcepcion.cl\/sitio\/wp-json\/wp\/v2\/categories?post=10455"},{"taxonomy":"post_tag","embeddable":true,"href":"http:\/\/sanignacioconcepcion.cl\/sitio\/wp-json\/wp\/v2\/tags?post=10455"}],"curies":[{"name":"wp","href":"https:\/\/api.w.org\/{rel}","templated":true}]}}