{"id":10458,"date":"2025-09-02T10:08:53","date_gmt":"2025-09-02T13:08:53","guid":{"rendered":"https:\/\/sanignacioconcepcion.cl\/sitio\/?p=10458"},"modified":"2025-09-02T10:08:53","modified_gmt":"2025-09-02T13:08:53","slug":"horarios-de-salida-miercoles-3-de-septiembre","status":"publish","type":"post","link":"http:\/\/sanignacioconcepcion.cl\/sitio\/horarios-de-salida-miercoles-3-de-septiembre\/","title":{"rendered":"Horarios de salida &#8211; Mi\u00e9rcoles 3 de septiembre"},"content":{"rendered":"<p>Estimadas familias:<\/p>\n<p>Les informamos que el\u00a0mi\u00e9rcoles 3 de septiembre\u00a0se llevar\u00e1 a cabo la Segunda Jornada de An\u00e1lisis de Aprendizajes. Por este motivo,\u00a0todas las actividades extracurriculares, ACLE, se suspender\u00e1n durante ese d\u00eda.<\/p>\n<p>Asimismo, les recordamos los horarios de salida de los estudiantes:<\/p>\n<ul>\n<li><strong>Loyola:<\/strong> Prek\u00ednder, K\u00ednder, 1\u00ba y 2\u00ba b\u00e1sico \u2192 13:20 hrs.<\/li>\n<li><strong>Manresa<\/strong>: 3\u00ba a 6\u00ba b\u00e1sico \u2192 13:20 hrs.<\/li>\n<li><strong>Roma:<\/strong><\/li>\n<\/ul>\n<p>7\u00ba y 8\u00ba b\u00e1sico \u2192 13:20 hrs.<\/p>\n<p>1\u00ba y 2\u00ba medio \u2192 14:15 hrs.<\/p>\n<p>3\u00ba y 4\u00ba medio \u2192 13:20 hrs. (despu\u00e9s del ensayo PAES)<\/p>\n<p>&nbsp;<\/p>\n","protected":false},"excerpt":{"rendered":"<p>Estimadas familias: Les informamos que el\u00a0mi\u00e9rcoles 3 de septiembre\u00a0se llevar\u00e1 a cabo la Segunda Jornada de An\u00e1lisis de Aprendizajes. Por este motivo,\u00a0todas las actividades extracurriculares, ACLE, se suspender\u00e1n durante ese d\u00eda. Asimismo, les recordamos los horarios de salida de los estudiantes: Loyola: Prek\u00ednder, K\u00ednder, 1\u00ba y 2\u00ba b\u00e1sico \u2192 13:20 hrs. Manresa: 3\u00ba a 6\u00ba&hellip;<\/p>\n","protected":false},"author":1,"featured_media":0,"comment_status":"closed","ping_status":"closed","sticky":false,"template":"","format":"standard","meta":[],"categories":[3],"tags":[],"_links":{"self":[{"href":"http:\/\/sanignacioconcepcion.cl\/sitio\/wp-json\/wp\/v2\/posts\/10458"}],"collection":[{"href":"http:\/\/sanignacioconcepcion.cl\/sitio\/wp-json\/wp\/v2\/posts"}],"about":[{"href":"http:\/\/sanignacioconcepcion.cl\/sitio\/wp-json\/wp\/v2\/types\/post"}],"author":[{"embeddable":true,"href":"http:\/\/sanignacioconcepcion.cl\/sitio\/wp-json\/wp\/v2\/users\/1"}],"replies":[{"embeddable":true,"href":"http:\/\/sanignacioconcepcion.cl\/sitio\/wp-json\/wp\/v2\/comments?post=10458"}],"version-history":[{"count":1,"href":"http:\/\/sanignacioconcepcion.cl\/sitio\/wp-json\/wp\/v2\/posts\/10458\/revisions"}],"predecessor-version":[{"id":10459,"href":"http:\/\/sanignacioconcepcion.cl\/sitio\/wp-json\/wp\/v2\/posts\/10458\/revisions\/10459"}],"wp:attachment":[{"href":"http:\/\/sanignacioconcepcion.cl\/sitio\/wp-json\/wp\/v2\/media?parent=10458"}],"wp:term":[{"taxonomy":"category","embeddable":true,"href":"http:\/\/sanignacioconcepcion.cl\/sitio\/wp-json\/wp\/v2\/categories?post=10458"},{"taxonomy":"post_tag","embeddable":true,"href":"http:\/\/sanignacioconcepcion.cl\/sitio\/wp-json\/wp\/v2\/tags?post=10458"}],"curies":[{"name":"wp","href":"https:\/\/api.w.org\/{rel}","templated":true}]}}