{"id":10466,"date":"2025-09-04T10:26:22","date_gmt":"2025-09-04T13:26:22","guid":{"rendered":"https:\/\/sanignacioconcepcion.cl\/sitio\/?p=10466"},"modified":"2025-09-04T10:26:22","modified_gmt":"2025-09-04T13:26:22","slug":"segunda-jornada-de-analisis-de-aprendizajes","status":"publish","type":"post","link":"http:\/\/sanignacioconcepcion.cl\/sitio\/segunda-jornada-de-analisis-de-aprendizajes\/","title":{"rendered":"Segunda Jornada de An\u00e1lisis de Aprendizajes"},"content":{"rendered":"<p data-start=\"162\" data-end=\"422\">El mi\u00e9rcoles 3 de septiembre se llev\u00f3 a cabo la <strong data-start=\"210\" data-end=\"257\">Segunda Jornada de An\u00e1lisis de Aprendizajes<\/strong>, instancia en la que participaron todos nuestros docentes con el prop\u00f3sito de seguir fortaleciendo la ense\u00f1anza y los procesos formativos de nuestros estudiantes.<\/p>\n<p data-start=\"424\" data-end=\"823\">La jornada se desarroll\u00f3 en torno a cuatro ejes: la alineaci\u00f3n de expectativas, la revisi\u00f3n de evidencias de aprendizajes, el an\u00e1lisis de datos y la construcci\u00f3n de re-ense\u00f1anza.<\/p>\n<p data-start=\"825\" data-end=\"1024\">Con este trabajo colaborativo, reafirmamos nuestro compromiso con la mejora continua y con ofrecer a nuestros estudiantes experiencias educativas que potencien al m\u00e1ximo sus talentos y capacidades.<\/p>\n","protected":false},"excerpt":{"rendered":"<p>El mi\u00e9rcoles 3 de septiembre se llev\u00f3 a cabo la Segunda Jornada de An\u00e1lisis de Aprendizajes, instancia en la que participaron todos nuestros docentes con el prop\u00f3sito de seguir fortaleciendo la ense\u00f1anza y los procesos formativos de nuestros estudiantes. La jornada se desarroll\u00f3 en torno a cuatro ejes: la alineaci\u00f3n de expectativas, la revisi\u00f3n de&hellip;<\/p>\n","protected":false},"author":1,"featured_media":10467,"comment_status":"closed","ping_status":"closed","sticky":false,"template":"","format":"standard","meta":[],"categories":[4],"tags":[],"_links":{"self":[{"href":"http:\/\/sanignacioconcepcion.cl\/sitio\/wp-json\/wp\/v2\/posts\/10466"}],"collection":[{"href":"http:\/\/sanignacioconcepcion.cl\/sitio\/wp-json\/wp\/v2\/posts"}],"about":[{"href":"http:\/\/sanignacioconcepcion.cl\/sitio\/wp-json\/wp\/v2\/types\/post"}],"author":[{"embeddable":true,"href":"http:\/\/sanignacioconcepcion.cl\/sitio\/wp-json\/wp\/v2\/users\/1"}],"replies":[{"embeddable":true,"href":"http:\/\/sanignacioconcepcion.cl\/sitio\/wp-json\/wp\/v2\/comments?post=10466"}],"version-history":[{"count":1,"href":"http:\/\/sanignacioconcepcion.cl\/sitio\/wp-json\/wp\/v2\/posts\/10466\/revisions"}],"predecessor-version":[{"id":10468,"href":"http:\/\/sanignacioconcepcion.cl\/sitio\/wp-json\/wp\/v2\/posts\/10466\/revisions\/10468"}],"wp:featuredmedia":[{"embeddable":true,"href":"http:\/\/sanignacioconcepcion.cl\/sitio\/wp-json\/wp\/v2\/media\/10467"}],"wp:attachment":[{"href":"http:\/\/sanignacioconcepcion.cl\/sitio\/wp-json\/wp\/v2\/media?parent=10466"}],"wp:term":[{"taxonomy":"category","embeddable":true,"href":"http:\/\/sanignacioconcepcion.cl\/sitio\/wp-json\/wp\/v2\/categories?post=10466"},{"taxonomy":"post_tag","embeddable":true,"href":"http:\/\/sanignacioconcepcion.cl\/sitio\/wp-json\/wp\/v2\/tags?post=10466"}],"curies":[{"name":"wp","href":"https:\/\/api.w.org\/{rel}","templated":true}]}}