{"id":10469,"date":"2025-09-04T15:25:23","date_gmt":"2025-09-04T18:25:23","guid":{"rendered":"https:\/\/sanignacioconcepcion.cl\/sitio\/?p=10469"},"modified":"2025-09-04T15:25:23","modified_gmt":"2025-09-04T18:25:23","slug":"reconocimiento-a-la-asistencia-en-prekinder-y-kinder","status":"publish","type":"post","link":"http:\/\/sanignacioconcepcion.cl\/sitio\/reconocimiento-a-la-asistencia-en-prekinder-y-kinder\/","title":{"rendered":"Reconocimiento a la asistencia en Prek\u00ednder y K\u00ednder"},"content":{"rendered":"<p data-start=\"122\" data-end=\"467\">El viernes 29 de agosto se premi\u00f3 a las ni\u00f1as y ni\u00f1os de Prek\u00ednder y K\u00ednder que asistieron todos los d\u00edas a clases durante agosto. En un gesto sencillo y significativo, recibieron la pulsera de asistencia, como reconocimiento al compromiso de las familias y al esfuerzo cotidiano de cada estudiante por estar presente y aprender.<\/p>\n<p data-start=\"469\" data-end=\"910\">La asistencia regular es clave para el desarrollo integral: favorece la continuidad de los aprendizajes, consolida h\u00e1bitos y rutinas, fortalece el v\u00ednculo con sus profesoras y compa\u00f1eros, y aporta seguridad y autonom\u00eda en el d\u00eda a d\u00eda. Cada d\u00eda en clases cuenta, especialmente en estos primeros niveles, donde se construyen las bases socioemocionales y acad\u00e9micas que acompa\u00f1ar\u00e1n a los ni\u00f1os y ni\u00f1as a lo largo de su trayectoria escolar.<\/p>\n<p data-start=\"912\" data-end=\"1199\" data-is-last-node=\"\" data-is-only-node=\"\">Felicitamos a quienes alcanzaron esta meta y animamos a toda nuestra comunidad a seguir sumando d\u00edas de asistencia.<a href=\"https:\/\/photos.app.goo.gl\/Sf66Db3BNgK9XhxR8\"><span style=\"color: #800000;\"><strong> Ver fotos<\/strong><\/span><\/a><\/p>\n","protected":false},"excerpt":{"rendered":"<p>El viernes 29 de agosto se premi\u00f3 a las ni\u00f1as y ni\u00f1os de Prek\u00ednder y K\u00ednder que asistieron todos los d\u00edas a clases durante agosto. En un gesto sencillo y significativo, recibieron la pulsera de asistencia, como reconocimiento al compromiso de las familias y al esfuerzo cotidiano de cada estudiante por estar presente y aprender.&hellip;<\/p>\n","protected":false},"author":1,"featured_media":10470,"comment_status":"closed","ping_status":"closed","sticky":false,"template":"","format":"standard","meta":[],"categories":[4],"tags":[],"_links":{"self":[{"href":"http:\/\/sanignacioconcepcion.cl\/sitio\/wp-json\/wp\/v2\/posts\/10469"}],"collection":[{"href":"http:\/\/sanignacioconcepcion.cl\/sitio\/wp-json\/wp\/v2\/posts"}],"about":[{"href":"http:\/\/sanignacioconcepcion.cl\/sitio\/wp-json\/wp\/v2\/types\/post"}],"author":[{"embeddable":true,"href":"http:\/\/sanignacioconcepcion.cl\/sitio\/wp-json\/wp\/v2\/users\/1"}],"replies":[{"embeddable":true,"href":"http:\/\/sanignacioconcepcion.cl\/sitio\/wp-json\/wp\/v2\/comments?post=10469"}],"version-history":[{"count":1,"href":"http:\/\/sanignacioconcepcion.cl\/sitio\/wp-json\/wp\/v2\/posts\/10469\/revisions"}],"predecessor-version":[{"id":10471,"href":"http:\/\/sanignacioconcepcion.cl\/sitio\/wp-json\/wp\/v2\/posts\/10469\/revisions\/10471"}],"wp:featuredmedia":[{"embeddable":true,"href":"http:\/\/sanignacioconcepcion.cl\/sitio\/wp-json\/wp\/v2\/media\/10470"}],"wp:attachment":[{"href":"http:\/\/sanignacioconcepcion.cl\/sitio\/wp-json\/wp\/v2\/media?parent=10469"}],"wp:term":[{"taxonomy":"category","embeddable":true,"href":"http:\/\/sanignacioconcepcion.cl\/sitio\/wp-json\/wp\/v2\/categories?post=10469"},{"taxonomy":"post_tag","embeddable":true,"href":"http:\/\/sanignacioconcepcion.cl\/sitio\/wp-json\/wp\/v2\/tags?post=10469"}],"curies":[{"name":"wp","href":"https:\/\/api.w.org\/{rel}","templated":true}]}}