{"id":10473,"date":"2025-09-05T11:58:46","date_gmt":"2025-09-05T14:58:46","guid":{"rendered":"https:\/\/sanignacioconcepcion.cl\/sitio\/?p=10473"},"modified":"2025-09-05T13:13:05","modified_gmt":"2025-09-05T16:13:05","slug":"con-alegria-y-tradicion-1o-basicos-celebraron-fiesta-costumbrista","status":"publish","type":"post","link":"http:\/\/sanignacioconcepcion.cl\/sitio\/con-alegria-y-tradicion-1o-basicos-celebraron-fiesta-costumbrista\/","title":{"rendered":"Con alegr\u00eda y tradici\u00f3n: 1\u00ba B\u00e1sicos celebraron Fiesta Costumbrista"},"content":{"rendered":"<p data-start=\"183\" data-end=\"500\">\u201cBrindo \u2014dijo un huaso, mientras empinaba un vaso\u2014 los ni\u00f1os m\u00e1s lindos\u2026 \u00a1son los de primero b\u00e1sico!\u201d, con esta paya de la profesora Catalina Irribarra se dio inicio, la ma\u00f1ana de este viernes 5 de septiembre, a la <strong>Fiesta Costumbrista<\/strong> de los estudiantes de 1\u00ba b\u00e1sico, enmarcada en la asignatura de Historia.<\/p>\n<p data-start=\"502\" data-end=\"801\">Organizados en grupos, los ni\u00f1os y ni\u00f1as presentaron disertaciones sobre distintos juegos, festividades y comidas t\u00edpicas de nuestro pa\u00eds.<\/p>\n<p data-start=\"502\" data-end=\"801\">Con gran entusiasmo prepararon coloridos stands, personificaciones y representaciones que dieron vida a una ma\u00f1ana llena de identidad, cultura y compa\u00f1erismo.<\/p>\n<p data-start=\"803\" data-end=\"1099\">Este encuentro tuvo un car\u00e1cter muy especial, ya que fue la primera Fiesta Costumbrista realizada tras la pandemia. <span style=\"color: #800000;\"><a style=\"color: #800000;\" href=\"https:\/\/photos.app.goo.gl\/CEJiULdCgrsWWGTz6\"><strong>ver fotos<\/strong><\/a><\/span><\/p>\n","protected":false},"excerpt":{"rendered":"<p>\u201cBrindo \u2014dijo un huaso, mientras empinaba un vaso\u2014 los ni\u00f1os m\u00e1s lindos\u2026 \u00a1son los de primero b\u00e1sico!\u201d, con esta paya de la profesora Catalina Irribarra se dio inicio, la ma\u00f1ana de este viernes 5 de septiembre, a la Fiesta Costumbrista de los estudiantes de 1\u00ba b\u00e1sico, enmarcada en la asignatura de Historia. Organizados en grupos,&hellip;<\/p>\n","protected":false},"author":1,"featured_media":10474,"comment_status":"closed","ping_status":"closed","sticky":false,"template":"","format":"standard","meta":[],"categories":[4],"tags":[],"_links":{"self":[{"href":"http:\/\/sanignacioconcepcion.cl\/sitio\/wp-json\/wp\/v2\/posts\/10473"}],"collection":[{"href":"http:\/\/sanignacioconcepcion.cl\/sitio\/wp-json\/wp\/v2\/posts"}],"about":[{"href":"http:\/\/sanignacioconcepcion.cl\/sitio\/wp-json\/wp\/v2\/types\/post"}],"author":[{"embeddable":true,"href":"http:\/\/sanignacioconcepcion.cl\/sitio\/wp-json\/wp\/v2\/users\/1"}],"replies":[{"embeddable":true,"href":"http:\/\/sanignacioconcepcion.cl\/sitio\/wp-json\/wp\/v2\/comments?post=10473"}],"version-history":[{"count":2,"href":"http:\/\/sanignacioconcepcion.cl\/sitio\/wp-json\/wp\/v2\/posts\/10473\/revisions"}],"predecessor-version":[{"id":10476,"href":"http:\/\/sanignacioconcepcion.cl\/sitio\/wp-json\/wp\/v2\/posts\/10473\/revisions\/10476"}],"wp:featuredmedia":[{"embeddable":true,"href":"http:\/\/sanignacioconcepcion.cl\/sitio\/wp-json\/wp\/v2\/media\/10474"}],"wp:attachment":[{"href":"http:\/\/sanignacioconcepcion.cl\/sitio\/wp-json\/wp\/v2\/media?parent=10473"}],"wp:term":[{"taxonomy":"category","embeddable":true,"href":"http:\/\/sanignacioconcepcion.cl\/sitio\/wp-json\/wp\/v2\/categories?post=10473"},{"taxonomy":"post_tag","embeddable":true,"href":"http:\/\/sanignacioconcepcion.cl\/sitio\/wp-json\/wp\/v2\/tags?post=10473"}],"curies":[{"name":"wp","href":"https:\/\/api.w.org\/{rel}","templated":true}]}}