{"id":10477,"date":"2025-09-05T16:24:47","date_gmt":"2025-09-05T19:24:47","guid":{"rendered":"https:\/\/sanignacioconcepcion.cl\/sitio\/?p=10477"},"modified":"2025-09-05T16:24:47","modified_gmt":"2025-09-05T19:24:47","slug":"san-ignacio-busca-su-cupo-al-nacional-en-la-liga-regional-de-voleibol","status":"publish","type":"post","link":"http:\/\/sanignacioconcepcion.cl\/sitio\/san-ignacio-busca-su-cupo-al-nacional-en-la-liga-regional-de-voleibol\/","title":{"rendered":"San Ignacio busca su cupo al Nacional en la Liga Regional de Voleibol"},"content":{"rendered":"<p data-start=\"181\" data-end=\"417\">El jueves 4 de septiembre se disput\u00f3 la primera fecha de la Liga Regional Clasificatoria a las Finales Nacionales de los Juegos Deportivos Escolares 2025, instancia en la que nuestro colegio particip\u00f3 en la disciplina de voleibol.<\/p>\n<p data-start=\"419\" data-end=\"698\">En la jornada, el equipo se enfrent\u00f3 en dos encuentros: en el primer partido cay\u00f3 frente al Colegio Alem\u00e1n de Concepci\u00f3n, mientras que en el segundo logr\u00f3 una importante victoria frente al Colegio Padre Hurtado de Los \u00c1ngeles, mostrando garra y compromiso en la cancha.<\/p>\n<p data-start=\"700\" data-end=\"823\">La competencia continuar\u00e1 el martes 23 de septiembre, cuando se dispute la segunda fecha de esta fase clasificatoria.<\/p>\n","protected":false},"excerpt":{"rendered":"<p>El jueves 4 de septiembre se disput\u00f3 la primera fecha de la Liga Regional Clasificatoria a las Finales Nacionales de los Juegos Deportivos Escolares 2025, instancia en la que nuestro colegio particip\u00f3 en la disciplina de voleibol. En la jornada, el equipo se enfrent\u00f3 en dos encuentros: en el primer partido cay\u00f3 frente al Colegio&hellip;<\/p>\n","protected":false},"author":1,"featured_media":10478,"comment_status":"closed","ping_status":"closed","sticky":false,"template":"","format":"standard","meta":[],"categories":[4],"tags":[],"_links":{"self":[{"href":"http:\/\/sanignacioconcepcion.cl\/sitio\/wp-json\/wp\/v2\/posts\/10477"}],"collection":[{"href":"http:\/\/sanignacioconcepcion.cl\/sitio\/wp-json\/wp\/v2\/posts"}],"about":[{"href":"http:\/\/sanignacioconcepcion.cl\/sitio\/wp-json\/wp\/v2\/types\/post"}],"author":[{"embeddable":true,"href":"http:\/\/sanignacioconcepcion.cl\/sitio\/wp-json\/wp\/v2\/users\/1"}],"replies":[{"embeddable":true,"href":"http:\/\/sanignacioconcepcion.cl\/sitio\/wp-json\/wp\/v2\/comments?post=10477"}],"version-history":[{"count":1,"href":"http:\/\/sanignacioconcepcion.cl\/sitio\/wp-json\/wp\/v2\/posts\/10477\/revisions"}],"predecessor-version":[{"id":10479,"href":"http:\/\/sanignacioconcepcion.cl\/sitio\/wp-json\/wp\/v2\/posts\/10477\/revisions\/10479"}],"wp:featuredmedia":[{"embeddable":true,"href":"http:\/\/sanignacioconcepcion.cl\/sitio\/wp-json\/wp\/v2\/media\/10478"}],"wp:attachment":[{"href":"http:\/\/sanignacioconcepcion.cl\/sitio\/wp-json\/wp\/v2\/media?parent=10477"}],"wp:term":[{"taxonomy":"category","embeddable":true,"href":"http:\/\/sanignacioconcepcion.cl\/sitio\/wp-json\/wp\/v2\/categories?post=10477"},{"taxonomy":"post_tag","embeddable":true,"href":"http:\/\/sanignacioconcepcion.cl\/sitio\/wp-json\/wp\/v2\/tags?post=10477"}],"curies":[{"name":"wp","href":"https:\/\/api.w.org\/{rel}","templated":true}]}}