{"id":10481,"date":"2025-09-08T09:41:45","date_gmt":"2025-09-08T12:41:45","guid":{"rendered":"https:\/\/sanignacioconcepcion.cl\/sitio\/?p=10481"},"modified":"2025-09-08T13:44:05","modified_gmt":"2025-09-08T16:44:05","slug":"tradicion-y-alegria-en-nuestra-fiesta-huasa-2025","status":"publish","type":"post","link":"http:\/\/sanignacioconcepcion.cl\/sitio\/tradicion-y-alegria-en-nuestra-fiesta-huasa-2025\/","title":{"rendered":"Tradici\u00f3n y alegr\u00eda en nuestra Fiesta Huasa 2025"},"content":{"rendered":"<p>El s\u00e1bado 6 de septiembre vivimos con gran entusiasmo la tradicional Fiesta Huasa de nuestro colegio, organizada por el Centro de Padres y Apoderados. Fue una jornada llena de m\u00fasica, bailes t\u00edpicos, juegos y presentaciones que nos permitieron celebrar con orgullo nuestras tradiciones y el esp\u00edritu de Fiestas Patrias.<\/p>\n<p>La activa participaci\u00f3n de nuestras familias, estudiantes y educadores hizo de esta fiesta un encuentro inolvidable, que fortalece los lazos de comunidad y nos anima a seguir cultivando con alegr\u00eda nuestra identidad y cultura chilena.<a href=\"https:\/\/photos.app.goo.gl\/Ct3Y2czfLesN8ZLK7\"><span style=\"color: #800000;\"><strong>Ver fotos<\/strong><\/span><\/a><\/p>\n","protected":false},"excerpt":{"rendered":"<p>El s\u00e1bado 6 de septiembre vivimos con gran entusiasmo la tradicional Fiesta Huasa de nuestro colegio, organizada por el Centro de Padres y Apoderados. Fue una jornada llena de m\u00fasica, bailes t\u00edpicos, juegos y presentaciones que nos permitieron celebrar con orgullo nuestras tradiciones y el esp\u00edritu de Fiestas Patrias. La activa participaci\u00f3n de nuestras familias,&hellip;<\/p>\n","protected":false},"author":1,"featured_media":10483,"comment_status":"closed","ping_status":"closed","sticky":false,"template":"","format":"standard","meta":[],"categories":[4],"tags":[],"_links":{"self":[{"href":"http:\/\/sanignacioconcepcion.cl\/sitio\/wp-json\/wp\/v2\/posts\/10481"}],"collection":[{"href":"http:\/\/sanignacioconcepcion.cl\/sitio\/wp-json\/wp\/v2\/posts"}],"about":[{"href":"http:\/\/sanignacioconcepcion.cl\/sitio\/wp-json\/wp\/v2\/types\/post"}],"author":[{"embeddable":true,"href":"http:\/\/sanignacioconcepcion.cl\/sitio\/wp-json\/wp\/v2\/users\/1"}],"replies":[{"embeddable":true,"href":"http:\/\/sanignacioconcepcion.cl\/sitio\/wp-json\/wp\/v2\/comments?post=10481"}],"version-history":[{"count":3,"href":"http:\/\/sanignacioconcepcion.cl\/sitio\/wp-json\/wp\/v2\/posts\/10481\/revisions"}],"predecessor-version":[{"id":10491,"href":"http:\/\/sanignacioconcepcion.cl\/sitio\/wp-json\/wp\/v2\/posts\/10481\/revisions\/10491"}],"wp:featuredmedia":[{"embeddable":true,"href":"http:\/\/sanignacioconcepcion.cl\/sitio\/wp-json\/wp\/v2\/media\/10483"}],"wp:attachment":[{"href":"http:\/\/sanignacioconcepcion.cl\/sitio\/wp-json\/wp\/v2\/media?parent=10481"}],"wp:term":[{"taxonomy":"category","embeddable":true,"href":"http:\/\/sanignacioconcepcion.cl\/sitio\/wp-json\/wp\/v2\/categories?post=10481"},{"taxonomy":"post_tag","embeddable":true,"href":"http:\/\/sanignacioconcepcion.cl\/sitio\/wp-json\/wp\/v2\/tags?post=10481"}],"curies":[{"name":"wp","href":"https:\/\/api.w.org\/{rel}","templated":true}]}}