{"id":10487,"date":"2025-09-08T09:57:04","date_gmt":"2025-09-08T12:57:04","guid":{"rendered":"https:\/\/sanignacioconcepcion.cl\/sitio\/?p=10487"},"modified":"2025-09-08T09:57:12","modified_gmt":"2025-09-08T12:57:12","slug":"estudiantes-participan-en-la-ultima-fecha-del-cmat-2025","status":"publish","type":"post","link":"http:\/\/sanignacioconcepcion.cl\/sitio\/estudiantes-participan-en-la-ultima-fecha-del-cmat-2025\/","title":{"rendered":"Estudiantes participan en la \u00faltima fecha del CMAT 2025"},"content":{"rendered":"<p data-start=\"116\" data-end=\"389\">El pasado s\u00e1bado 6 de septiembre se llev\u00f3 a cabo la \u00faltima fecha del Campeonato Nacional de Matem\u00e1tica Escolar (CMAT), instancia en la que participaron 15 estudiantes de nuestro colegio, desde 1\u00ba a 4\u00ba medio, junto a m\u00e1s de 7.000 estudiantes de todo Chile.<\/p>\n<p data-start=\"391\" data-end=\"582\">Como cada a\u00f1o, la competencia contempl\u00f3 pruebas individuales y grupales que pusieron a prueba el talento, la perseverancia y el gusto por la matem\u00e1tica de miles de j\u00f3venes a nivel nacional.<\/p>\n<p data-start=\"584\" data-end=\"685\">Ahora solo queda esperar hasta noviembre, cuando se dar\u00e1n a conocer los resultados finales.<\/p>\n","protected":false},"excerpt":{"rendered":"<p>El pasado s\u00e1bado 6 de septiembre se llev\u00f3 a cabo la \u00faltima fecha del Campeonato Nacional de Matem\u00e1tica Escolar (CMAT), instancia en la que participaron 15 estudiantes de nuestro colegio, desde 1\u00ba a 4\u00ba medio, junto a m\u00e1s de 7.000 estudiantes de todo Chile. Como cada a\u00f1o, la competencia contempl\u00f3 pruebas individuales y grupales que&hellip;<\/p>\n","protected":false},"author":1,"featured_media":10488,"comment_status":"closed","ping_status":"closed","sticky":false,"template":"","format":"standard","meta":[],"categories":[4],"tags":[],"_links":{"self":[{"href":"http:\/\/sanignacioconcepcion.cl\/sitio\/wp-json\/wp\/v2\/posts\/10487"}],"collection":[{"href":"http:\/\/sanignacioconcepcion.cl\/sitio\/wp-json\/wp\/v2\/posts"}],"about":[{"href":"http:\/\/sanignacioconcepcion.cl\/sitio\/wp-json\/wp\/v2\/types\/post"}],"author":[{"embeddable":true,"href":"http:\/\/sanignacioconcepcion.cl\/sitio\/wp-json\/wp\/v2\/users\/1"}],"replies":[{"embeddable":true,"href":"http:\/\/sanignacioconcepcion.cl\/sitio\/wp-json\/wp\/v2\/comments?post=10487"}],"version-history":[{"count":1,"href":"http:\/\/sanignacioconcepcion.cl\/sitio\/wp-json\/wp\/v2\/posts\/10487\/revisions"}],"predecessor-version":[{"id":10489,"href":"http:\/\/sanignacioconcepcion.cl\/sitio\/wp-json\/wp\/v2\/posts\/10487\/revisions\/10489"}],"wp:featuredmedia":[{"embeddable":true,"href":"http:\/\/sanignacioconcepcion.cl\/sitio\/wp-json\/wp\/v2\/media\/10488"}],"wp:attachment":[{"href":"http:\/\/sanignacioconcepcion.cl\/sitio\/wp-json\/wp\/v2\/media?parent=10487"}],"wp:term":[{"taxonomy":"category","embeddable":true,"href":"http:\/\/sanignacioconcepcion.cl\/sitio\/wp-json\/wp\/v2\/categories?post=10487"},{"taxonomy":"post_tag","embeddable":true,"href":"http:\/\/sanignacioconcepcion.cl\/sitio\/wp-json\/wp\/v2\/tags?post=10487"}],"curies":[{"name":"wp","href":"https:\/\/api.w.org\/{rel}","templated":true}]}}