{"id":10499,"date":"2025-09-10T15:07:57","date_gmt":"2025-09-10T18:07:57","guid":{"rendered":"https:\/\/sanignacioconcepcion.cl\/sitio\/?p=10499"},"modified":"2025-09-10T15:07:57","modified_gmt":"2025-09-10T18:07:57","slug":"tradicion-musica-y-baile-en-el-acto-de-fiestas-patrias-del-ciclo-loyola","status":"publish","type":"post","link":"http:\/\/sanignacioconcepcion.cl\/sitio\/tradicion-musica-y-baile-en-el-acto-de-fiestas-patrias-del-ciclo-loyola\/","title":{"rendered":"Tradici\u00f3n, m\u00fasica y baile en el Acto de Fiestas Patrias del Ciclo Loyola"},"content":{"rendered":"<p data-start=\"141\" data-end=\"420\">Este mi\u00e9rcoles 10 de septiembre se llev\u00f3 a cabo el Acto de Fiestas Patrias del Ciclo Loyola (Prek\u00ednder, K\u00ednder, 1\u00ba y 2\u00ba b\u00e1sico), una instancia en la que estudiantes, educadores y familias se reunieron para celebrar nuestras tradiciones chilenas con alegr\u00eda, m\u00fasica y baile.<\/p>\n<p data-start=\"422\" data-end=\"761\">Ambos actos comenzaron con las palabras del capell\u00e1n del colegio, Padre Juan Pablo Moyano, y de la directora, Claudia Messina. Posteriormente, se present\u00f3 un pie de cueca encabezado por los estudiantes de IV Medio, Emilia Quimis y Rodrigo Guti\u00e9rrez, para luego dar paso a un recorrido cultural por las distintas zonas de Chile.<\/p>\n<p data-start=\"763\" data-end=\"979\">Con la Fonda del Perro Chocolo, los ni\u00f1os y ni\u00f1as de Prek\u00ednder y K\u00ednder mostraron bailes t\u00edpicos de nuestro pa\u00eds, desde el norte hasta la zona sur e Isla de Pascua, compartiendo la riqueza de nuestra identidad.<\/p>\n<p data-start=\"981\" data-end=\"1185\">Luego, los cursos de 1\u00ba y 2\u00ba b\u00e1sico presentaron, bajo el nombre \u201cRecorriendo Chile\u201d, una puesta en escena llena de m\u00fasica, color y tradiciones, que represent\u00f3 la diversidad cultural de nuestro pa\u00eds.<\/p>\n<p data-start=\"1187\" data-end=\"1437\">Los actos culminaron con las palabras de la directora de ciclo, Viviana P\u00e9rez, quien destac\u00f3 la importancia de que los m\u00e1s peque\u00f1os vivan estas experiencias que fortalecen el sentido de comunidad. <a href=\"https:\/\/photos.app.goo.gl\/qKSErjE31yEQJC2X8\"><span style=\"color: #800000;\"><strong>Ver fotos<\/strong><\/span><\/a><\/p>\n","protected":false},"excerpt":{"rendered":"<p>Este mi\u00e9rcoles 10 de septiembre se llev\u00f3 a cabo el Acto de Fiestas Patrias del Ciclo Loyola (Prek\u00ednder, K\u00ednder, 1\u00ba y 2\u00ba b\u00e1sico), una instancia en la que estudiantes, educadores y familias se reunieron para celebrar nuestras tradiciones chilenas con alegr\u00eda, m\u00fasica y baile. Ambos actos comenzaron con las palabras del capell\u00e1n del colegio, Padre&hellip;<\/p>\n","protected":false},"author":1,"featured_media":10500,"comment_status":"closed","ping_status":"closed","sticky":false,"template":"","format":"standard","meta":[],"categories":[4],"tags":[],"_links":{"self":[{"href":"http:\/\/sanignacioconcepcion.cl\/sitio\/wp-json\/wp\/v2\/posts\/10499"}],"collection":[{"href":"http:\/\/sanignacioconcepcion.cl\/sitio\/wp-json\/wp\/v2\/posts"}],"about":[{"href":"http:\/\/sanignacioconcepcion.cl\/sitio\/wp-json\/wp\/v2\/types\/post"}],"author":[{"embeddable":true,"href":"http:\/\/sanignacioconcepcion.cl\/sitio\/wp-json\/wp\/v2\/users\/1"}],"replies":[{"embeddable":true,"href":"http:\/\/sanignacioconcepcion.cl\/sitio\/wp-json\/wp\/v2\/comments?post=10499"}],"version-history":[{"count":1,"href":"http:\/\/sanignacioconcepcion.cl\/sitio\/wp-json\/wp\/v2\/posts\/10499\/revisions"}],"predecessor-version":[{"id":10501,"href":"http:\/\/sanignacioconcepcion.cl\/sitio\/wp-json\/wp\/v2\/posts\/10499\/revisions\/10501"}],"wp:featuredmedia":[{"embeddable":true,"href":"http:\/\/sanignacioconcepcion.cl\/sitio\/wp-json\/wp\/v2\/media\/10500"}],"wp:attachment":[{"href":"http:\/\/sanignacioconcepcion.cl\/sitio\/wp-json\/wp\/v2\/media?parent=10499"}],"wp:term":[{"taxonomy":"category","embeddable":true,"href":"http:\/\/sanignacioconcepcion.cl\/sitio\/wp-json\/wp\/v2\/categories?post=10499"},{"taxonomy":"post_tag","embeddable":true,"href":"http:\/\/sanignacioconcepcion.cl\/sitio\/wp-json\/wp\/v2\/tags?post=10499"}],"curies":[{"name":"wp","href":"https:\/\/api.w.org\/{rel}","templated":true}]}}