{"id":10502,"date":"2025-09-11T14:57:21","date_gmt":"2025-09-11T17:57:21","guid":{"rendered":"https:\/\/sanignacioconcepcion.cl\/sitio\/?p=10502"},"modified":"2025-09-11T14:57:21","modified_gmt":"2025-09-11T17:57:21","slug":"envio-a-jerico-2025","status":"publish","type":"post","link":"http:\/\/sanignacioconcepcion.cl\/sitio\/envio-a-jerico-2025\/","title":{"rendered":"Env\u00edo a Jeric\u00f3 2025"},"content":{"rendered":"<p data-start=\"162\" data-end=\"409\">El martes 9 de septiembre se llev\u00f3 a cabo en la capilla de nuestro colegio la ceremonia de env\u00edo a Jeric\u00f3 de los III\u00b0 Medios.<\/p>\n<p data-start=\"411\" data-end=\"649\">Durante octubre, nuestros j\u00f3venes vivir\u00e1n una semana \u00fanica e inolvidable, en la que tendr\u00e1n la oportunidad de acercarse al mundo laboral y experimentar aprendizajes significativos que les acompa\u00f1ar\u00e1n en su vida personal y acad\u00e9mica.<\/p>\n<p data-start=\"651\" data-end=\"889\">Adem\u00e1s de esta experiencia, los estudiantes compartir\u00e1n d\u00edas fuera de sus hogares, enfrentando nuevos desaf\u00edos que les invitan a crecer en autonom\u00eda, fortalecer sus valores y profundizar los lazos de amistad y compa\u00f1erismo que los unen.<\/p>\n<p data-start=\"891\" data-end=\"1038\">Confiamos en que esta vivencia ser\u00e1 un espacio de encuentro, crecimiento y comunidad ignaciana, que marcar\u00e1 un hito en su formaci\u00f3n integral.<\/p>\n","protected":false},"excerpt":{"rendered":"<p>El martes 9 de septiembre se llev\u00f3 a cabo en la capilla de nuestro colegio la ceremonia de env\u00edo a Jeric\u00f3 de los III\u00b0 Medios. Durante octubre, nuestros j\u00f3venes vivir\u00e1n una semana \u00fanica e inolvidable, en la que tendr\u00e1n la oportunidad de acercarse al mundo laboral y experimentar aprendizajes significativos que les acompa\u00f1ar\u00e1n en su&hellip;<\/p>\n","protected":false},"author":1,"featured_media":10503,"comment_status":"closed","ping_status":"closed","sticky":false,"template":"","format":"standard","meta":[],"categories":[4],"tags":[],"_links":{"self":[{"href":"http:\/\/sanignacioconcepcion.cl\/sitio\/wp-json\/wp\/v2\/posts\/10502"}],"collection":[{"href":"http:\/\/sanignacioconcepcion.cl\/sitio\/wp-json\/wp\/v2\/posts"}],"about":[{"href":"http:\/\/sanignacioconcepcion.cl\/sitio\/wp-json\/wp\/v2\/types\/post"}],"author":[{"embeddable":true,"href":"http:\/\/sanignacioconcepcion.cl\/sitio\/wp-json\/wp\/v2\/users\/1"}],"replies":[{"embeddable":true,"href":"http:\/\/sanignacioconcepcion.cl\/sitio\/wp-json\/wp\/v2\/comments?post=10502"}],"version-history":[{"count":1,"href":"http:\/\/sanignacioconcepcion.cl\/sitio\/wp-json\/wp\/v2\/posts\/10502\/revisions"}],"predecessor-version":[{"id":10504,"href":"http:\/\/sanignacioconcepcion.cl\/sitio\/wp-json\/wp\/v2\/posts\/10502\/revisions\/10504"}],"wp:featuredmedia":[{"embeddable":true,"href":"http:\/\/sanignacioconcepcion.cl\/sitio\/wp-json\/wp\/v2\/media\/10503"}],"wp:attachment":[{"href":"http:\/\/sanignacioconcepcion.cl\/sitio\/wp-json\/wp\/v2\/media?parent=10502"}],"wp:term":[{"taxonomy":"category","embeddable":true,"href":"http:\/\/sanignacioconcepcion.cl\/sitio\/wp-json\/wp\/v2\/categories?post=10502"},{"taxonomy":"post_tag","embeddable":true,"href":"http:\/\/sanignacioconcepcion.cl\/sitio\/wp-json\/wp\/v2\/tags?post=10502"}],"curies":[{"name":"wp","href":"https:\/\/api.w.org\/{rel}","templated":true}]}}