{"id":10505,"date":"2025-09-11T15:43:29","date_gmt":"2025-09-11T18:43:29","guid":{"rendered":"https:\/\/sanignacioconcepcion.cl\/sitio\/?p=10505"},"modified":"2025-09-11T15:43:29","modified_gmt":"2025-09-11T18:43:29","slug":"acto-de-fiestas-patrias-recorriendo-chile-junto-al-ciclo-manresa","status":"publish","type":"post","link":"http:\/\/sanignacioconcepcion.cl\/sitio\/acto-de-fiestas-patrias-recorriendo-chile-junto-al-ciclo-manresa\/","title":{"rendered":"Acto de Fiestas Patrias: Recorriendo Chile junto al Ciclo Manresa"},"content":{"rendered":"<p data-start=\"169\" data-end=\"482\">La ma\u00f1ana de este jueves 11 de septiembre continuamos con nuestras celebraciones de Fiestas Patrias en el Colegio San Ignacio de Concepci\u00f3n. Esta vez fue el Ciclo Manresa, con estudiantes de 3\u00ba a 6\u00ba b\u00e1sico, quienes nos invitaron a realizar un recorrido lleno de alegr\u00eda y tradici\u00f3n por nuestro pa\u00eds.<\/p>\n<p data-start=\"484\" data-end=\"753\">Con gran entusiasmo, los alumnos presentaron diversos bailes t\u00edpicos chilenos, como la diablada, la resbalosa, la polca, entre otros. Cada presentaci\u00f3n fue una verdadera muestra del colorido y la riqueza cultural que caracteriza a nuestro Chile.<\/p>\n<p data-start=\"755\" data-end=\"992\">El baile, como expresi\u00f3n art\u00edstica, es tambi\u00e9n un reflejo de nuestra historia y diversidad cultural: nos conecta con nuestras ra\u00edces, nos recuerda las costumbres de nuestros antepasados y fortalece el sentido de identidad nacional.<\/p>\n<p data-start=\"994\" data-end=\"1276\">Agradecemos el esfuerzo, dedicaci\u00f3n y entusiasmo de los estudiantes, educadores y familias que hicieron posible esta celebraci\u00f3n. <a href=\"https:\/\/photos.app.goo.gl\/ngpV1qdYh65RpiFh9\"><span style=\"color: #800000;\"><strong>Ver fotos<\/strong><\/span><\/a><\/p>\n","protected":false},"excerpt":{"rendered":"<p>La ma\u00f1ana de este jueves 11 de septiembre continuamos con nuestras celebraciones de Fiestas Patrias en el Colegio San Ignacio de Concepci\u00f3n. Esta vez fue el Ciclo Manresa, con estudiantes de 3\u00ba a 6\u00ba b\u00e1sico, quienes nos invitaron a realizar un recorrido lleno de alegr\u00eda y tradici\u00f3n por nuestro pa\u00eds. Con gran entusiasmo, los alumnos&hellip;<\/p>\n","protected":false},"author":1,"featured_media":10506,"comment_status":"closed","ping_status":"closed","sticky":false,"template":"","format":"standard","meta":[],"categories":[4],"tags":[],"_links":{"self":[{"href":"http:\/\/sanignacioconcepcion.cl\/sitio\/wp-json\/wp\/v2\/posts\/10505"}],"collection":[{"href":"http:\/\/sanignacioconcepcion.cl\/sitio\/wp-json\/wp\/v2\/posts"}],"about":[{"href":"http:\/\/sanignacioconcepcion.cl\/sitio\/wp-json\/wp\/v2\/types\/post"}],"author":[{"embeddable":true,"href":"http:\/\/sanignacioconcepcion.cl\/sitio\/wp-json\/wp\/v2\/users\/1"}],"replies":[{"embeddable":true,"href":"http:\/\/sanignacioconcepcion.cl\/sitio\/wp-json\/wp\/v2\/comments?post=10505"}],"version-history":[{"count":1,"href":"http:\/\/sanignacioconcepcion.cl\/sitio\/wp-json\/wp\/v2\/posts\/10505\/revisions"}],"predecessor-version":[{"id":10507,"href":"http:\/\/sanignacioconcepcion.cl\/sitio\/wp-json\/wp\/v2\/posts\/10505\/revisions\/10507"}],"wp:featuredmedia":[{"embeddable":true,"href":"http:\/\/sanignacioconcepcion.cl\/sitio\/wp-json\/wp\/v2\/media\/10506"}],"wp:attachment":[{"href":"http:\/\/sanignacioconcepcion.cl\/sitio\/wp-json\/wp\/v2\/media?parent=10505"}],"wp:term":[{"taxonomy":"category","embeddable":true,"href":"http:\/\/sanignacioconcepcion.cl\/sitio\/wp-json\/wp\/v2\/categories?post=10505"},{"taxonomy":"post_tag","embeddable":true,"href":"http:\/\/sanignacioconcepcion.cl\/sitio\/wp-json\/wp\/v2\/tags?post=10505"}],"curies":[{"name":"wp","href":"https:\/\/api.w.org\/{rel}","templated":true}]}}