{"id":10508,"date":"2025-09-12T11:57:44","date_gmt":"2025-09-12T14:57:44","guid":{"rendered":"https:\/\/sanignacioconcepcion.cl\/sitio\/?p=10508"},"modified":"2025-09-12T11:57:44","modified_gmt":"2025-09-12T14:57:44","slug":"culminamos-nuestras-celebraciones-de-fiestas-patrias-con-el-ciclo-roma","status":"publish","type":"post","link":"http:\/\/sanignacioconcepcion.cl\/sitio\/culminamos-nuestras-celebraciones-de-fiestas-patrias-con-el-ciclo-roma\/","title":{"rendered":"Culminamos nuestras celebraciones de Fiestas Patrias con el Ciclo Roma"},"content":{"rendered":"<p data-start=\"213\" data-end=\"488\">Este viernes 12 de septiembre, finalizamos los actos de Fiestas Patrias en nuestro colegio con el Ciclo Roma. Ayer, jueves 11, fueron los estudiantes de 7\u00b0 b\u00e1sico a I\u00b0 medio quienes nos sorprendieron con sus presentaciones, mientras que hoy fue el turno de II\u00b0 a IV\u00b0 medio.<\/p>\n<p data-start=\"490\" data-end=\"931\">En ambos d\u00edas vivimos un verdadero recorrido cultural por nuestras tradiciones: las cuecas llenaron de identidad el gimnasio, las danzas pascuenses nos transportaron a Rapa Nui y los bailes andinos nos recordaron la riqueza de nuestras ra\u00edces. Cada curso aport\u00f3 entusiasmo, talento y alegr\u00eda, reflejando con orgullo la diversidad de expresiones que nos unen como chilenos y chilenas.<\/p>\n<p data-start=\"933\" data-end=\"1421\">Un momento especialmente emotivo lo protagonizaron nuestros IV\u00b0 Medios, quienes, en su \u00faltimo acto escolar, salieron a escena con la energ\u00eda y pasi\u00f3n que los caracteriza. Su presentaci\u00f3n no solo fue un homenaje a nuestras tradiciones, sino tambi\u00e9n un gesto de despedida que quedar\u00e1 grabado en la memoria de toda la comunidad. Con este \u00faltimo baile, los m\u00e1s grandes del colegio nos recordaron que cada etapa llega a su fin, pero que lo vivido y aprendido permanece siempre en el coraz\u00f3n.<\/p>\n<p data-start=\"1423\" data-end=\"1597\">De esta manera, concluimos una semana llena de m\u00fasica, baile y comunidad, donde celebramos lo que somos y reafirmamos la importancia de mantener vivas nuestras tradiciones. <a href=\"https:\/\/photos.app.goo.gl\/FmyZspmT6UWE5RCW7\"><strong>Ver fotos<\/strong><\/a><\/p>\n","protected":false},"excerpt":{"rendered":"<p>Este viernes 12 de septiembre, finalizamos los actos de Fiestas Patrias en nuestro colegio con el Ciclo Roma. Ayer, jueves 11, fueron los estudiantes de 7\u00b0 b\u00e1sico a I\u00b0 medio quienes nos sorprendieron con sus presentaciones, mientras que hoy fue el turno de II\u00b0 a IV\u00b0 medio. En ambos d\u00edas vivimos un verdadero recorrido cultural&hellip;<\/p>\n","protected":false},"author":1,"featured_media":10509,"comment_status":"closed","ping_status":"closed","sticky":false,"template":"","format":"standard","meta":[],"categories":[4],"tags":[],"_links":{"self":[{"href":"http:\/\/sanignacioconcepcion.cl\/sitio\/wp-json\/wp\/v2\/posts\/10508"}],"collection":[{"href":"http:\/\/sanignacioconcepcion.cl\/sitio\/wp-json\/wp\/v2\/posts"}],"about":[{"href":"http:\/\/sanignacioconcepcion.cl\/sitio\/wp-json\/wp\/v2\/types\/post"}],"author":[{"embeddable":true,"href":"http:\/\/sanignacioconcepcion.cl\/sitio\/wp-json\/wp\/v2\/users\/1"}],"replies":[{"embeddable":true,"href":"http:\/\/sanignacioconcepcion.cl\/sitio\/wp-json\/wp\/v2\/comments?post=10508"}],"version-history":[{"count":1,"href":"http:\/\/sanignacioconcepcion.cl\/sitio\/wp-json\/wp\/v2\/posts\/10508\/revisions"}],"predecessor-version":[{"id":10510,"href":"http:\/\/sanignacioconcepcion.cl\/sitio\/wp-json\/wp\/v2\/posts\/10508\/revisions\/10510"}],"wp:featuredmedia":[{"embeddable":true,"href":"http:\/\/sanignacioconcepcion.cl\/sitio\/wp-json\/wp\/v2\/media\/10509"}],"wp:attachment":[{"href":"http:\/\/sanignacioconcepcion.cl\/sitio\/wp-json\/wp\/v2\/media?parent=10508"}],"wp:term":[{"taxonomy":"category","embeddable":true,"href":"http:\/\/sanignacioconcepcion.cl\/sitio\/wp-json\/wp\/v2\/categories?post=10508"},{"taxonomy":"post_tag","embeddable":true,"href":"http:\/\/sanignacioconcepcion.cl\/sitio\/wp-json\/wp\/v2\/tags?post=10508"}],"curies":[{"name":"wp","href":"https:\/\/api.w.org\/{rel}","templated":true}]}}