{"id":10512,"date":"2025-09-12T12:19:41","date_gmt":"2025-09-12T15:19:41","guid":{"rendered":"https:\/\/sanignacioconcepcion.cl\/sitio\/?p=10512"},"modified":"2025-09-12T12:19:41","modified_gmt":"2025-09-12T15:19:41","slug":"visita-provincial-de-la-compania-de-jesus-al-colegio","status":"publish","type":"post","link":"http:\/\/sanignacioconcepcion.cl\/sitio\/visita-provincial-de-la-compania-de-jesus-al-colegio\/","title":{"rendered":"Visita Provincial de la Compa\u00f1\u00eda de Jes\u00fas al Colegio"},"content":{"rendered":"<p data-start=\"118\" data-end=\"312\">El jueves 11 de septiembre recibimos con alegr\u00eda la visita del Provincial de la Compa\u00f1\u00eda de Jes\u00fas, padre Juan Crist\u00f3bal Beyt\u00eda SJ, quien recorri\u00f3 las dependencias de nuestro colegio.<\/p>\n<p data-start=\"314\" data-end=\"669\">Durante su recorrido, el padre Provincial se acerc\u00f3 a la recogida de Preb\u00e1sica, donde comparti\u00f3 con los m\u00e1s peque\u00f1os en su salida. Posteriormente, sostuvo un espacio de conversaci\u00f3n con estudiantes del Ciclo Roma, quienes pudieron dialogar con \u00e9l sobre sus inquietudes, experiencias y vivencias escolares.<\/p>\n","protected":false},"excerpt":{"rendered":"<p>El jueves 11 de septiembre recibimos con alegr\u00eda la visita del Provincial de la Compa\u00f1\u00eda de Jes\u00fas, padre Juan Crist\u00f3bal Beyt\u00eda SJ, quien recorri\u00f3 las dependencias de nuestro colegio. Durante su recorrido, el padre Provincial se acerc\u00f3 a la recogida de Preb\u00e1sica, donde comparti\u00f3 con los m\u00e1s peque\u00f1os en su salida. Posteriormente, sostuvo un espacio&hellip;<\/p>\n","protected":false},"author":1,"featured_media":10513,"comment_status":"closed","ping_status":"closed","sticky":false,"template":"","format":"standard","meta":[],"categories":[4],"tags":[],"_links":{"self":[{"href":"http:\/\/sanignacioconcepcion.cl\/sitio\/wp-json\/wp\/v2\/posts\/10512"}],"collection":[{"href":"http:\/\/sanignacioconcepcion.cl\/sitio\/wp-json\/wp\/v2\/posts"}],"about":[{"href":"http:\/\/sanignacioconcepcion.cl\/sitio\/wp-json\/wp\/v2\/types\/post"}],"author":[{"embeddable":true,"href":"http:\/\/sanignacioconcepcion.cl\/sitio\/wp-json\/wp\/v2\/users\/1"}],"replies":[{"embeddable":true,"href":"http:\/\/sanignacioconcepcion.cl\/sitio\/wp-json\/wp\/v2\/comments?post=10512"}],"version-history":[{"count":1,"href":"http:\/\/sanignacioconcepcion.cl\/sitio\/wp-json\/wp\/v2\/posts\/10512\/revisions"}],"predecessor-version":[{"id":10514,"href":"http:\/\/sanignacioconcepcion.cl\/sitio\/wp-json\/wp\/v2\/posts\/10512\/revisions\/10514"}],"wp:featuredmedia":[{"embeddable":true,"href":"http:\/\/sanignacioconcepcion.cl\/sitio\/wp-json\/wp\/v2\/media\/10513"}],"wp:attachment":[{"href":"http:\/\/sanignacioconcepcion.cl\/sitio\/wp-json\/wp\/v2\/media?parent=10512"}],"wp:term":[{"taxonomy":"category","embeddable":true,"href":"http:\/\/sanignacioconcepcion.cl\/sitio\/wp-json\/wp\/v2\/categories?post=10512"},{"taxonomy":"post_tag","embeddable":true,"href":"http:\/\/sanignacioconcepcion.cl\/sitio\/wp-json\/wp\/v2\/tags?post=10512"}],"curies":[{"name":"wp","href":"https:\/\/api.w.org\/{rel}","templated":true}]}}