{"id":10519,"date":"2025-09-25T15:27:56","date_gmt":"2025-09-25T18:27:56","guid":{"rendered":"https:\/\/sanignacioconcepcion.cl\/sitio\/?p=10519"},"modified":"2025-09-25T15:27:56","modified_gmt":"2025-09-25T18:27:56","slug":"mas-de-80-estudiantes-participan-en-las-olimpiadas-de-matematica-sic-2025","status":"publish","type":"post","link":"http:\/\/sanignacioconcepcion.cl\/sitio\/mas-de-80-estudiantes-participan-en-las-olimpiadas-de-matematica-sic-2025\/","title":{"rendered":"M\u00e1s de 80 estudiantes participan en las Olimpiadas de Matem\u00e1tica SIC 2025"},"content":{"rendered":"<p data-start=\"203\" data-end=\"529\">Durante los d\u00edas jueves 25 y viernes 26 de septiembre, nuestro colegio est\u00e1 viviendo una nueva edici\u00f3n de las Olimpiadas de Matem\u00e1tica SIC, instancia en la que participan m\u00e1s de 80 estudiantes desde 5\u00b0 B\u00e1sico hasta II Medio, quienes ponen a prueba sus conocimientos, habilidades y entusiasmo por esta disciplina.<\/p>\n<p data-start=\"531\" data-end=\"784\">La jornada comenz\u00f3 este jueves con la fase individual, mientras que el viernes se llevar\u00e1 a cabo la etapa grupal. A partir de los resultados obtenidos en ambas competencias se determinar\u00e1n los ganadores tanto individuales como por equipos.<\/p>\n<p data-start=\"531\" data-end=\"784\">\u201cEl objetivo es incentivar el inter\u00e9s en la matem\u00e1tica y que sea una instancia desafiante para desarrollar habilidades de pensamiento matem\u00e1tico o de resoluci\u00f3n de problemas y de l\u00f3gica\u201d, destac\u00f3 Alejandra Barros, jefa del Departamento de Matem\u00e1tica.<\/p>\n<p data-start=\"1044\" data-end=\"1439\">Esta edici\u00f3n marca el retorno de las olimpiadas tras dos a\u00f1os de pausa. Adem\u00e1s, el formato fue renovado: anteriormente se utilizaban materiales m\u00e1s did\u00e1cticos, mientras que ahora la competencia sigue el mismo modelo que las olimpiadas externas en las que participa el colegio, elevando el nivel del desaf\u00edo y ofreciendo una experiencia a\u00fan m\u00e1s enriquecedora para las y los estudiantes.<\/p>\n<p data-start=\"1602\" data-end=\"1841\">\n","protected":false},"excerpt":{"rendered":"<p>Durante los d\u00edas jueves 25 y viernes 26 de septiembre, nuestro colegio est\u00e1 viviendo una nueva edici\u00f3n de las Olimpiadas de Matem\u00e1tica SIC, instancia en la que participan m\u00e1s de 80 estudiantes desde 5\u00b0 B\u00e1sico hasta II Medio, quienes ponen a prueba sus conocimientos, habilidades y entusiasmo por esta disciplina. La jornada comenz\u00f3 este jueves&hellip;<\/p>\n","protected":false},"author":1,"featured_media":10520,"comment_status":"closed","ping_status":"closed","sticky":false,"template":"","format":"standard","meta":[],"categories":[4],"tags":[],"_links":{"self":[{"href":"http:\/\/sanignacioconcepcion.cl\/sitio\/wp-json\/wp\/v2\/posts\/10519"}],"collection":[{"href":"http:\/\/sanignacioconcepcion.cl\/sitio\/wp-json\/wp\/v2\/posts"}],"about":[{"href":"http:\/\/sanignacioconcepcion.cl\/sitio\/wp-json\/wp\/v2\/types\/post"}],"author":[{"embeddable":true,"href":"http:\/\/sanignacioconcepcion.cl\/sitio\/wp-json\/wp\/v2\/users\/1"}],"replies":[{"embeddable":true,"href":"http:\/\/sanignacioconcepcion.cl\/sitio\/wp-json\/wp\/v2\/comments?post=10519"}],"version-history":[{"count":1,"href":"http:\/\/sanignacioconcepcion.cl\/sitio\/wp-json\/wp\/v2\/posts\/10519\/revisions"}],"predecessor-version":[{"id":10521,"href":"http:\/\/sanignacioconcepcion.cl\/sitio\/wp-json\/wp\/v2\/posts\/10519\/revisions\/10521"}],"wp:featuredmedia":[{"embeddable":true,"href":"http:\/\/sanignacioconcepcion.cl\/sitio\/wp-json\/wp\/v2\/media\/10520"}],"wp:attachment":[{"href":"http:\/\/sanignacioconcepcion.cl\/sitio\/wp-json\/wp\/v2\/media?parent=10519"}],"wp:term":[{"taxonomy":"category","embeddable":true,"href":"http:\/\/sanignacioconcepcion.cl\/sitio\/wp-json\/wp\/v2\/categories?post=10519"},{"taxonomy":"post_tag","embeddable":true,"href":"http:\/\/sanignacioconcepcion.cl\/sitio\/wp-json\/wp\/v2\/tags?post=10519"}],"curies":[{"name":"wp","href":"https:\/\/api.w.org\/{rel}","templated":true}]}}