{"id":10525,"date":"2025-09-29T10:13:12","date_gmt":"2025-09-29T13:13:12","guid":{"rendered":"https:\/\/sanignacioconcepcion.cl\/sitio\/?p=10525"},"modified":"2025-09-29T17:17:07","modified_gmt":"2025-09-29T20:17:07","slug":"sic-conmemora-el-dia-internacional-de-las-personas-sordas-con-un-llamado-a-la-inclusion-y-el-respeto","status":"publish","type":"post","link":"http:\/\/sanignacioconcepcion.cl\/sitio\/sic-conmemora-el-dia-internacional-de-las-personas-sordas-con-un-llamado-a-la-inclusion-y-el-respeto\/","title":{"rendered":"SIC conmemora el D\u00eda Internacional de las Personas Sordas con un llamado a la inclusi\u00f3n y el respeto"},"content":{"rendered":"<p data-start=\"0\" data-end=\"252\">Esta ma\u00f1ana dimos inicio a la semana con una significativa ceremonia en conmemoraci\u00f3n del D\u00eda Internacional de las Personas Sordas, una instancia que invit\u00f3 a reflexionar sobre la importancia de la inclusi\u00f3n, la accesibilidad y la diversidad.<\/p>\n<p data-start=\"254\" data-end=\"675\">La apertura comenz\u00f3 con una emotiva oraci\u00f3n en Lengua de Se\u00f1as Chilena (LSCh) a cargo de los estudiantes de Sexto B\u00e1sico B. Posteriormente, los alumnos de Segundo B\u00e1sico C presentaron una intervenci\u00f3n art\u00edstica con la interpretaci\u00f3n en lengua de se\u00f1as de la canci\u00f3n <em data-start=\"532\" data-end=\"553\">\u201cGrandes esp\u00edritus\u201d<\/em>, record\u00e1ndonos que las diferencias nos fortalecen y que el amor y la empat\u00eda son fundamentales para la convivencia.<\/p>\n<p data-start=\"677\" data-end=\"896\" data-is-last-node=\"\" data-is-only-node=\"\">La jornada tambi\u00e9n incluy\u00f3 una reflexi\u00f3n sobre la historia y cultura sorda, destacando que esta comunidad no es un grupo homog\u00e9neo, sino una cultura viva, con identidad, valores y formas propias de comunicaci\u00f3n.<a href=\"https:\/\/photos.app.goo.gl\/S8CM7oLciChLFGAc9\"> <span style=\"color: #800000;\"><strong>Ver fotos<\/strong><\/span><\/a><\/p>\n","protected":false},"excerpt":{"rendered":"<p>Esta ma\u00f1ana dimos inicio a la semana con una significativa ceremonia en conmemoraci\u00f3n del D\u00eda Internacional de las Personas Sordas, una instancia que invit\u00f3 a reflexionar sobre la importancia de la inclusi\u00f3n, la accesibilidad y la diversidad. La apertura comenz\u00f3 con una emotiva oraci\u00f3n en Lengua de Se\u00f1as Chilena (LSCh) a cargo de los estudiantes&hellip;<\/p>\n","protected":false},"author":1,"featured_media":10526,"comment_status":"closed","ping_status":"closed","sticky":false,"template":"","format":"standard","meta":[],"categories":[4],"tags":[],"_links":{"self":[{"href":"http:\/\/sanignacioconcepcion.cl\/sitio\/wp-json\/wp\/v2\/posts\/10525"}],"collection":[{"href":"http:\/\/sanignacioconcepcion.cl\/sitio\/wp-json\/wp\/v2\/posts"}],"about":[{"href":"http:\/\/sanignacioconcepcion.cl\/sitio\/wp-json\/wp\/v2\/types\/post"}],"author":[{"embeddable":true,"href":"http:\/\/sanignacioconcepcion.cl\/sitio\/wp-json\/wp\/v2\/users\/1"}],"replies":[{"embeddable":true,"href":"http:\/\/sanignacioconcepcion.cl\/sitio\/wp-json\/wp\/v2\/comments?post=10525"}],"version-history":[{"count":2,"href":"http:\/\/sanignacioconcepcion.cl\/sitio\/wp-json\/wp\/v2\/posts\/10525\/revisions"}],"predecessor-version":[{"id":10528,"href":"http:\/\/sanignacioconcepcion.cl\/sitio\/wp-json\/wp\/v2\/posts\/10525\/revisions\/10528"}],"wp:featuredmedia":[{"embeddable":true,"href":"http:\/\/sanignacioconcepcion.cl\/sitio\/wp-json\/wp\/v2\/media\/10526"}],"wp:attachment":[{"href":"http:\/\/sanignacioconcepcion.cl\/sitio\/wp-json\/wp\/v2\/media?parent=10525"}],"wp:term":[{"taxonomy":"category","embeddable":true,"href":"http:\/\/sanignacioconcepcion.cl\/sitio\/wp-json\/wp\/v2\/categories?post=10525"},{"taxonomy":"post_tag","embeddable":true,"href":"http:\/\/sanignacioconcepcion.cl\/sitio\/wp-json\/wp\/v2\/tags?post=10525"}],"curies":[{"name":"wp","href":"https:\/\/api.w.org\/{rel}","templated":true}]}}