{"id":10532,"date":"2025-10-02T17:04:16","date_gmt":"2025-10-02T20:04:16","guid":{"rendered":"https:\/\/sanignacioconcepcion.cl\/sitio\/?p=10532"},"modified":"2025-10-02T17:04:16","modified_gmt":"2025-10-02T20:04:16","slug":"estudiantes-reflexionaron-sobre-los-desafios-economicos-y-sociales-de-chile-en-el-20-coloquio-de-ciencias-humanas","status":"publish","type":"post","link":"http:\/\/sanignacioconcepcion.cl\/sitio\/estudiantes-reflexionaron-sobre-los-desafios-economicos-y-sociales-de-chile-en-el-20-coloquio-de-ciencias-humanas\/","title":{"rendered":"Estudiantes reflexionaron sobre los desaf\u00edos econ\u00f3micos y sociales de Chile en el 20\u00b0 Coloquio de Ciencias Humanas"},"content":{"rendered":"<p data-start=\"90\" data-end=\"514\">Durante los d\u00edas 1 y 2 de octubre, se desarroll\u00f3 en nuestro colegio el 20\u00b0 Coloquio de Estudiantes de Educaci\u00f3n Media del \u00c1rea de Ciencias Humanas, una tradicional instancia organizada por el Departamento de Historia, Geograf\u00eda y Ciencias Sociales, que reuni\u00f3 a estudiantes para reflexionar en torno al tema \u201cEconom\u00eda y transformaci\u00f3n: desarrollo, crecimiento y desaf\u00edos de Chile en los \u00faltimos veinte a\u00f1os\u201d.<\/p>\n<p data-start=\"516\" data-end=\"828\">El coloquio fue inaugurado con palabras de bienvenida de la directora del colegio, Claudia Messina, quien valor\u00f3 la participaci\u00f3n activa de las y los estudiantes en esta instancia, destacando su rol protag\u00f3nico en la construcci\u00f3n de conocimientos en comunidad, con respeto y apertura a distintas miradas.<\/p>\n<p data-start=\"830\" data-end=\"1126\">La ceremonia inaugural continu\u00f3 con la oraci\u00f3n del capell\u00e1n, P. Juan Pablo Moyano SJ, y con una conferencia a cargo del acad\u00e9mico Carlos Smith, quien present\u00f3 un an\u00e1lisis sobre la evoluci\u00f3n de la econom\u00eda chilena en las \u00faltimas d\u00e9cadas y los desaf\u00edos que enfrenta el pa\u00eds hacia el futuro.<\/p>\n<p data-start=\"1128\" data-end=\"1531\">Durante ambas jornadas, estudiantes presentaron sus investigaciones y reflexiones en torno a diversas tem\u00e1ticas, tales como el costo de vida en el Gran Concepci\u00f3n, la migraci\u00f3n y la econom\u00eda, el rol de la pol\u00edtica en el desarrollo econ\u00f3mico, el impacto del deporte en la desigualdad social, las pymes como motor de crecimiento, la infraestructura p\u00fablica y el endeudamiento estudiantil, entre otras.<\/p>\n<p data-start=\"1533\" data-end=\"1848\">La actividad, que cont\u00f3 con la participaci\u00f3n de delegaciones provenientes de colegios de diversas regiones, tuvo como objetivo fomentar el pensamiento cr\u00edtico, el an\u00e1lisis interdisciplinario y el trabajo colaborativo en torno a problem\u00e1ticas actuales vinculadas al desarrollo econ\u00f3mico y social de nuestro pa\u00eds.<\/p>\n<p data-start=\"1850\" data-end=\"2187\">Esta vig\u00e9sima versi\u00f3n del coloquio reafirma el compromiso del Colegio San Ignacio de Concepci\u00f3n con la formaci\u00f3n integral de sus estudiantes, brind\u00e1ndoles espacios para desarrollar el pensamiento cr\u00edtico, la argumentaci\u00f3n, el trabajo en equipo y una comprensi\u00f3n profunda de la realidad social, econ\u00f3mica y pol\u00edtica que los rodea. <a href=\"https:\/\/photos.app.goo.gl\/ejZBvGPbz2Gc9YU18\"><span style=\"color: #800000;\"><strong>Ver fotos<\/strong><\/span><\/a><\/p>\n","protected":false},"excerpt":{"rendered":"<p>Durante los d\u00edas 1 y 2 de octubre, se desarroll\u00f3 en nuestro colegio el 20\u00b0 Coloquio de Estudiantes de Educaci\u00f3n Media del \u00c1rea de Ciencias Humanas, una tradicional instancia organizada por el Departamento de Historia, Geograf\u00eda y Ciencias Sociales, que reuni\u00f3 a estudiantes para reflexionar en torno al tema \u201cEconom\u00eda y transformaci\u00f3n: desarrollo, crecimiento y&hellip;<\/p>\n","protected":false},"author":1,"featured_media":10533,"comment_status":"closed","ping_status":"closed","sticky":false,"template":"","format":"standard","meta":[],"categories":[4],"tags":[],"_links":{"self":[{"href":"http:\/\/sanignacioconcepcion.cl\/sitio\/wp-json\/wp\/v2\/posts\/10532"}],"collection":[{"href":"http:\/\/sanignacioconcepcion.cl\/sitio\/wp-json\/wp\/v2\/posts"}],"about":[{"href":"http:\/\/sanignacioconcepcion.cl\/sitio\/wp-json\/wp\/v2\/types\/post"}],"author":[{"embeddable":true,"href":"http:\/\/sanignacioconcepcion.cl\/sitio\/wp-json\/wp\/v2\/users\/1"}],"replies":[{"embeddable":true,"href":"http:\/\/sanignacioconcepcion.cl\/sitio\/wp-json\/wp\/v2\/comments?post=10532"}],"version-history":[{"count":1,"href":"http:\/\/sanignacioconcepcion.cl\/sitio\/wp-json\/wp\/v2\/posts\/10532\/revisions"}],"predecessor-version":[{"id":10534,"href":"http:\/\/sanignacioconcepcion.cl\/sitio\/wp-json\/wp\/v2\/posts\/10532\/revisions\/10534"}],"wp:featuredmedia":[{"embeddable":true,"href":"http:\/\/sanignacioconcepcion.cl\/sitio\/wp-json\/wp\/v2\/media\/10533"}],"wp:attachment":[{"href":"http:\/\/sanignacioconcepcion.cl\/sitio\/wp-json\/wp\/v2\/media?parent=10532"}],"wp:term":[{"taxonomy":"category","embeddable":true,"href":"http:\/\/sanignacioconcepcion.cl\/sitio\/wp-json\/wp\/v2\/categories?post=10532"},{"taxonomy":"post_tag","embeddable":true,"href":"http:\/\/sanignacioconcepcion.cl\/sitio\/wp-json\/wp\/v2\/tags?post=10532"}],"curies":[{"name":"wp","href":"https:\/\/api.w.org\/{rel}","templated":true}]}}