{"id":10538,"date":"2025-10-06T12:11:01","date_gmt":"2025-10-06T15:11:01","guid":{"rendered":"https:\/\/sanignacioconcepcion.cl\/sitio\/?p=10538"},"modified":"2025-10-08T09:50:41","modified_gmt":"2025-10-08T12:50:41","slug":"segundos-basicos-celebran-la-diversidad-en-muestra-multicultural","status":"publish","type":"post","link":"http:\/\/sanignacioconcepcion.cl\/sitio\/segundos-basicos-celebran-la-diversidad-en-muestra-multicultural\/","title":{"rendered":"Segundos B\u00e1sicos celebran la diversidad en Muestra Multicultural"},"content":{"rendered":"<p data-start=\"62\" data-end=\"259\">Con coloridos stands, sabores t\u00edpicos y un ambiente lleno de alegr\u00eda, las y los estudiantes de Segundos B\u00e1sicos realizaron la Muestra Multicultural el pasado viernes 3 de octubre.<\/p>\n<p data-start=\"261\" data-end=\"625\">Durante la jornada, los grupos de cada curso presentaron un stand representando a un pa\u00eds, compartiendo con las y los visitantes aspectos de su historia, tradiciones, vestimenta y gastronom\u00eda. Adem\u00e1s, las y los estudiantes lucieron trajes t\u00edpicos y ofrecieron preparaciones tradicionales, invitando a recorrer el mundo a trav\u00e9s de sus presentaciones.<\/p>\n<p data-start=\"627\" data-end=\"849\">La feria fue visitada por los cursos de Preb\u00e1sica, quienes disfrutaron de un recorrido lleno de aprendizajes, sabores y colores, fortaleciendo el valor de la diversidad cultural desde los primeros a\u00f1os escolares. <a href=\"https:\/\/photos.app.goo.gl\/h9nEDsG7Z8nKydF4A\">Ver fotos<\/a><\/p>\n","protected":false},"excerpt":{"rendered":"<p>Con coloridos stands, sabores t\u00edpicos y un ambiente lleno de alegr\u00eda, las y los estudiantes de Segundos B\u00e1sicos realizaron la Muestra Multicultural el pasado viernes 3 de octubre. Durante la jornada, los grupos de cada curso presentaron un stand representando a un pa\u00eds, compartiendo con las y los visitantes aspectos de su historia, tradiciones, vestimenta&hellip;<\/p>\n","protected":false},"author":1,"featured_media":10539,"comment_status":"closed","ping_status":"closed","sticky":false,"template":"","format":"standard","meta":[],"categories":[4],"tags":[],"_links":{"self":[{"href":"http:\/\/sanignacioconcepcion.cl\/sitio\/wp-json\/wp\/v2\/posts\/10538"}],"collection":[{"href":"http:\/\/sanignacioconcepcion.cl\/sitio\/wp-json\/wp\/v2\/posts"}],"about":[{"href":"http:\/\/sanignacioconcepcion.cl\/sitio\/wp-json\/wp\/v2\/types\/post"}],"author":[{"embeddable":true,"href":"http:\/\/sanignacioconcepcion.cl\/sitio\/wp-json\/wp\/v2\/users\/1"}],"replies":[{"embeddable":true,"href":"http:\/\/sanignacioconcepcion.cl\/sitio\/wp-json\/wp\/v2\/comments?post=10538"}],"version-history":[{"count":2,"href":"http:\/\/sanignacioconcepcion.cl\/sitio\/wp-json\/wp\/v2\/posts\/10538\/revisions"}],"predecessor-version":[{"id":10552,"href":"http:\/\/sanignacioconcepcion.cl\/sitio\/wp-json\/wp\/v2\/posts\/10538\/revisions\/10552"}],"wp:featuredmedia":[{"embeddable":true,"href":"http:\/\/sanignacioconcepcion.cl\/sitio\/wp-json\/wp\/v2\/media\/10539"}],"wp:attachment":[{"href":"http:\/\/sanignacioconcepcion.cl\/sitio\/wp-json\/wp\/v2\/media?parent=10538"}],"wp:term":[{"taxonomy":"category","embeddable":true,"href":"http:\/\/sanignacioconcepcion.cl\/sitio\/wp-json\/wp\/v2\/categories?post=10538"},{"taxonomy":"post_tag","embeddable":true,"href":"http:\/\/sanignacioconcepcion.cl\/sitio\/wp-json\/wp\/v2\/tags?post=10538"}],"curies":[{"name":"wp","href":"https:\/\/api.w.org\/{rel}","templated":true}]}}