{"id":10541,"date":"2025-10-06T12:18:56","date_gmt":"2025-10-06T15:18:56","guid":{"rendered":"https:\/\/sanignacioconcepcion.cl\/sitio\/?p=10541"},"modified":"2025-10-06T12:18:56","modified_gmt":"2025-10-06T15:18:56","slug":"liturgia-de-envio-marca-el-inicio-de-la-experiencia-jerico-para-iii-medios","status":"publish","type":"post","link":"http:\/\/sanignacioconcepcion.cl\/sitio\/liturgia-de-envio-marca-el-inicio-de-la-experiencia-jerico-para-iii-medios\/","title":{"rendered":"Liturgia de Env\u00edo marca el inicio de la experiencia Jeric\u00f3 para III\u00b0 Medios"},"content":{"rendered":"<article class=\"text-token-text-primary w-full focus:outline-none scroll-mt-[calc(var(--header-height)+min(200px,max(70px,20svh)))]\" dir=\"auto\" tabindex=\"-1\" data-turn-id=\"request-68e3da98-1e40-8331-94ce-e7739e2969fd-2\" data-testid=\"conversation-turn-12\" data-scroll-anchor=\"true\" data-turn=\"assistant\">\n<div class=\"text-base my-auto mx-auto pb-10 [--thread-content-margin:--spacing(4)] thread-sm:[--thread-content-margin:--spacing(6)] thread-lg:[--thread-content-margin:--spacing(16)] px-(--thread-content-margin)\">\n<div class=\"[--thread-content-max-width:40rem] thread-lg:[--thread-content-max-width:48rem] mx-auto max-w-(--thread-content-max-width) flex-1 group\/turn-messages focus-visible:outline-hidden relative flex w-full min-w-0 flex-col agent-turn\" tabindex=\"-1\">\n<div class=\"flex max-w-full flex-col grow\">\n<div class=\"min-h-8 text-message relative flex w-full flex-col items-end gap-2 text-start break-words whitespace-normal [.text-message+&amp;]:mt-5\" dir=\"auto\" data-message-author-role=\"assistant\" data-message-id=\"2afe5a8b-0fc5-4f82-b399-b916176f3753\" data-message-model-slug=\"gpt-5\">\n<div class=\"flex w-full flex-col gap-1 empty:hidden first:pt-[1px]\">\n<div class=\"markdown prose dark:prose-invert w-full break-words light markdown-new-styling\">\n<p data-start=\"79\" data-end=\"308\">El domingo 5 de octubre, nuestra comunidad educativa se reuni\u00f3 en torno a la Liturgia de Env\u00edo a Jeric\u00f3, instancia que dio inicio a la experiencia que vivir\u00e1n durante esta semana las y los estudiantes de III\u00b0 Medio.<\/p>\n<p data-start=\"310\" data-end=\"539\">Nuestros j\u00f3venes vivir\u00e1n una semana \u00fanica e inolvidable, en la que tendr\u00e1n la oportunidad de acercarse al mundo laboral y experimentar aprendizajes significativos que los acompa\u00f1ar\u00e1n en su vida personal y acad\u00e9mica.<\/p>\n<p data-start=\"541\" data-end=\"759\">Adem\u00e1s, compartir\u00e1n d\u00edas fuera de sus hogares, enfrentando nuevos desaf\u00edos que los invitan a crecer en autonom\u00eda, fortalecer sus valores y profundizar los lazos de amistad y compa\u00f1erismo que los unen.<\/p>\n<p data-start=\"761\" data-end=\"921\" data-is-last-node=\"\" data-is-only-node=\"\">Confiamos en que esta vivencia ser\u00e1 un espacio de encuentro, crecimiento y comunidad ignaciana, que marcar\u00e1 un hito en su proceso de formaci\u00f3n integral.<\/p>\n<\/div>\n<\/div>\n<\/div>\n<\/div>\n<div class=\"z-0 flex min-h-[46px] justify-start\"><\/div>\n<div class=\"mt-3 w-full empty:hidden\">\n<div class=\"text-center\"><\/div>\n<\/div>\n<\/div>\n<\/div>\n<\/article>\n<div class=\"pointer-events-none h-px w-px\" aria-hidden=\"true\" data-edge=\"true\"><\/div>\n<p data-start=\"438\" data-end=\"711\">\n","protected":false},"excerpt":{"rendered":"<p>El domingo 5 de octubre, nuestra comunidad educativa se reuni\u00f3 en torno a la Liturgia de Env\u00edo a Jeric\u00f3, instancia que dio inicio a la experiencia que vivir\u00e1n durante esta semana las y los estudiantes de III\u00b0 Medio. Nuestros j\u00f3venes vivir\u00e1n una semana \u00fanica e inolvidable, en la que tendr\u00e1n la oportunidad de acercarse al&hellip;<\/p>\n","protected":false},"author":1,"featured_media":10542,"comment_status":"closed","ping_status":"closed","sticky":false,"template":"","format":"standard","meta":[],"categories":[4],"tags":[],"_links":{"self":[{"href":"http:\/\/sanignacioconcepcion.cl\/sitio\/wp-json\/wp\/v2\/posts\/10541"}],"collection":[{"href":"http:\/\/sanignacioconcepcion.cl\/sitio\/wp-json\/wp\/v2\/posts"}],"about":[{"href":"http:\/\/sanignacioconcepcion.cl\/sitio\/wp-json\/wp\/v2\/types\/post"}],"author":[{"embeddable":true,"href":"http:\/\/sanignacioconcepcion.cl\/sitio\/wp-json\/wp\/v2\/users\/1"}],"replies":[{"embeddable":true,"href":"http:\/\/sanignacioconcepcion.cl\/sitio\/wp-json\/wp\/v2\/comments?post=10541"}],"version-history":[{"count":1,"href":"http:\/\/sanignacioconcepcion.cl\/sitio\/wp-json\/wp\/v2\/posts\/10541\/revisions"}],"predecessor-version":[{"id":10543,"href":"http:\/\/sanignacioconcepcion.cl\/sitio\/wp-json\/wp\/v2\/posts\/10541\/revisions\/10543"}],"wp:featuredmedia":[{"embeddable":true,"href":"http:\/\/sanignacioconcepcion.cl\/sitio\/wp-json\/wp\/v2\/media\/10542"}],"wp:attachment":[{"href":"http:\/\/sanignacioconcepcion.cl\/sitio\/wp-json\/wp\/v2\/media?parent=10541"}],"wp:term":[{"taxonomy":"category","embeddable":true,"href":"http:\/\/sanignacioconcepcion.cl\/sitio\/wp-json\/wp\/v2\/categories?post=10541"},{"taxonomy":"post_tag","embeddable":true,"href":"http:\/\/sanignacioconcepcion.cl\/sitio\/wp-json\/wp\/v2\/tags?post=10541"}],"curies":[{"name":"wp","href":"https:\/\/api.w.org\/{rel}","templated":true}]}}