{"id":10545,"date":"2025-10-08T09:20:49","date_gmt":"2025-10-08T12:20:49","guid":{"rendered":"https:\/\/sanignacioconcepcion.cl\/sitio\/?p=10545"},"modified":"2025-10-08T09:20:49","modified_gmt":"2025-10-08T12:20:49","slug":"gimnastas-sic-brillan-en-campeonato-adicpa-nivel-pre-mini","status":"publish","type":"post","link":"http:\/\/sanignacioconcepcion.cl\/sitio\/gimnastas-sic-brillan-en-campeonato-adicpa-nivel-pre-mini\/","title":{"rendered":"Gimnastas SIC brillan en campeonato ADICPA Nivel Pre Mini"},"content":{"rendered":"<p data-start=\"177\" data-end=\"518\">El s\u00e1bado 4 de octubre, se llev\u00f3 a cabo el Campeonato de Gimnasia Art\u00edstica Nivel Pre Mini, organizado por ADICPA, instancia que reuni\u00f3 a estudiantes de 10 colegios de la zona y que fue una valiosa oportunidad para fomentar el deporte, el trabajo en equipo y el desarrollo de habilidades en un ambiente de sana competencia.<\/p>\n<p data-start=\"520\" data-end=\"734\">En representaci\u00f3n de nuestro colegio participaron seis estudiantes, quienes tuvieron una destacada participaci\u00f3n en las distintas pruebas, obteniendo importantes resultados individuales.<\/p>\n<p data-start=\"736\" data-end=\"1183\">Entre los logros m\u00e1s relevantes, Samuel Larenas se adjudic\u00f3 el 3\u00ba lugar en prueba de suelo, salto y 3\u00ba lugar en la clasificaci\u00f3n general individual.<br data-start=\"892\" data-end=\"895\" \/>En la prueba de viga, Violeta Leal alcanz\u00f3 el 1\u00ba lugar y Norma G\u00f3mez el 3\u00ba lugar.<br data-start=\"996\" data-end=\"999\" \/>En salto, Amanda Lira obtuvo el 2\u00ba lugar y Anais Vera el 3\u00ba lugar, mientras que en la prueba de suelo, Amanda Lira nuevamente destac\u00f3 con un 2\u00ba lugar.<\/p>\n<p data-start=\"1185\" data-end=\"1295\">Finalmente, en la premiaci\u00f3n individual general, nuestros representantes lograron excelentes posiciones:<\/p>\n<ul data-start=\"1296\" data-end=\"1415\">\n<li data-start=\"1296\" data-end=\"1325\">\n<p data-start=\"1298\" data-end=\"1325\">3\u00ba lugar: Amanda Lira<\/p>\n<\/li>\n<li data-start=\"1326\" data-end=\"1356\">\n<p data-start=\"1328\" data-end=\"1356\">4\u00ba lugar: Violeta Leal<\/p>\n<\/li>\n<li data-start=\"1357\" data-end=\"1386\">\n<p data-start=\"1359\" data-end=\"1386\">5\u00ba lugar: Norma G\u00f3mez<\/p>\n<\/li>\n<li data-start=\"1387\" data-end=\"1415\">\n<p data-start=\"1389\" data-end=\"1415\">6\u00ba lugar: Anais Vera<\/p>\n<\/li>\n<\/ul>\n<p data-start=\"1417\" data-end=\"1623\">Felicitamos a todas y todos nuestros gimnastas por su esfuerzo, compromiso y excelentes resultados, que reflejan el trabajo constante y el esp\u00edritu deportivo que caracteriza a nuestra comunidad educativa.<\/p>\n","protected":false},"excerpt":{"rendered":"<p>El s\u00e1bado 4 de octubre, se llev\u00f3 a cabo el Campeonato de Gimnasia Art\u00edstica Nivel Pre Mini, organizado por ADICPA, instancia que reuni\u00f3 a estudiantes de 10 colegios de la zona y que fue una valiosa oportunidad para fomentar el deporte, el trabajo en equipo y el desarrollo de habilidades en un ambiente de sana&hellip;<\/p>\n","protected":false},"author":1,"featured_media":10546,"comment_status":"closed","ping_status":"closed","sticky":false,"template":"","format":"standard","meta":[],"categories":[4],"tags":[],"_links":{"self":[{"href":"http:\/\/sanignacioconcepcion.cl\/sitio\/wp-json\/wp\/v2\/posts\/10545"}],"collection":[{"href":"http:\/\/sanignacioconcepcion.cl\/sitio\/wp-json\/wp\/v2\/posts"}],"about":[{"href":"http:\/\/sanignacioconcepcion.cl\/sitio\/wp-json\/wp\/v2\/types\/post"}],"author":[{"embeddable":true,"href":"http:\/\/sanignacioconcepcion.cl\/sitio\/wp-json\/wp\/v2\/users\/1"}],"replies":[{"embeddable":true,"href":"http:\/\/sanignacioconcepcion.cl\/sitio\/wp-json\/wp\/v2\/comments?post=10545"}],"version-history":[{"count":1,"href":"http:\/\/sanignacioconcepcion.cl\/sitio\/wp-json\/wp\/v2\/posts\/10545\/revisions"}],"predecessor-version":[{"id":10547,"href":"http:\/\/sanignacioconcepcion.cl\/sitio\/wp-json\/wp\/v2\/posts\/10545\/revisions\/10547"}],"wp:featuredmedia":[{"embeddable":true,"href":"http:\/\/sanignacioconcepcion.cl\/sitio\/wp-json\/wp\/v2\/media\/10546"}],"wp:attachment":[{"href":"http:\/\/sanignacioconcepcion.cl\/sitio\/wp-json\/wp\/v2\/media?parent=10545"}],"wp:term":[{"taxonomy":"category","embeddable":true,"href":"http:\/\/sanignacioconcepcion.cl\/sitio\/wp-json\/wp\/v2\/categories?post=10545"},{"taxonomy":"post_tag","embeddable":true,"href":"http:\/\/sanignacioconcepcion.cl\/sitio\/wp-json\/wp\/v2\/tags?post=10545"}],"curies":[{"name":"wp","href":"https:\/\/api.w.org\/{rel}","templated":true}]}}