{"id":10548,"date":"2025-10-08T09:25:49","date_gmt":"2025-10-08T12:25:49","guid":{"rendered":"https:\/\/sanignacioconcepcion.cl\/sitio\/?p=10548"},"modified":"2025-10-08T09:25:49","modified_gmt":"2025-10-08T12:25:49","slug":"pulseras-de-la-asistencia-reconocen-el-compromiso-en-prebasica","status":"publish","type":"post","link":"http:\/\/sanignacioconcepcion.cl\/sitio\/pulseras-de-la-asistencia-reconocen-el-compromiso-en-prebasica\/","title":{"rendered":"Pulseras de la asistencia reconocen el compromiso en Preb\u00e1sica"},"content":{"rendered":"<p data-start=\"186\" data-end=\"508\">El pasado viernes 3 de octubre, nuestra comunidad educativa destac\u00f3 a las y los estudiantes de Preb\u00e1sica que destacaron por alcanzar el mayor porcentaje de asistencia durante el mes de septiembre, entreg\u00e1ndoles las tradicionales pulseras de la asistencia como reconocimiento a su compromiso y constancia.<\/p>\n<p data-start=\"510\" data-end=\"591\">Felicitamos a las y los estudiantes que se destacaron en esta oportunidad:<\/p>\n<ul data-start=\"593\" data-end=\"859\">\n<li data-start=\"593\" data-end=\"651\">\n<p data-start=\"595\" data-end=\"651\"><strong data-start=\"595\" data-end=\"603\">PKA:<\/strong> Agustina Riffo Vallejos<\/p>\n<\/li>\n<li data-start=\"652\" data-end=\"695\">\n<p data-start=\"654\" data-end=\"695\"><strong data-start=\"654\" data-end=\"662\">PKB:<\/strong> Emilio\u00a0 Ulloa Escribano<\/p>\n<\/li>\n<li data-start=\"696\" data-end=\"735\">\n<p data-start=\"698\" data-end=\"735\"><strong data-start=\"698\" data-end=\"706\">PKC:<\/strong> Ignacia Chamorro Henr\u00edquez<\/p>\n<\/li>\n<li data-start=\"736\" data-end=\"781\">\n<p data-start=\"738\" data-end=\"781\"><strong data-start=\"738\" data-end=\"745\">KA:<\/strong> Sebasti\u00e1n\u00a0 Alarc\u00f3n Salgado<\/p>\n<\/li>\n<li data-start=\"782\" data-end=\"821\">\n<p data-start=\"784\" data-end=\"821\"><strong data-start=\"784\" data-end=\"791\">KB:<\/strong>\u00a0 Emma\u00a0Briones Soto<\/p>\n<\/li>\n<li data-start=\"822\" data-end=\"859\">\n<p data-start=\"824\" data-end=\"859\"><strong data-start=\"824\" data-end=\"831\">KC:<\/strong> Emilia\u00a0 Soto Asencio<\/p>\n<\/li>\n<\/ul>\n<p data-start=\"861\" data-end=\"1164\">Este reconocimiento busca reforzar la importancia de la asistencia regular al colegio, ya que asistir todos los d\u00edas permite a ni\u00f1as y ni\u00f1os aprovechar al m\u00e1ximo sus aprendizajes, fortalecer sus v\u00ednculos, desarrollar h\u00e1bitos de responsabilidad y disfrutar plenamente de la experiencia escolar.<\/p>\n<p data-start=\"1166\" data-end=\"1284\">\u00a1Sigamos esforz\u00e1ndonos d\u00eda a d\u00eda por mantener una asistencia constante y construir juntos el camino del aprendizaje!<\/p>\n","protected":false},"excerpt":{"rendered":"<p>El pasado viernes 3 de octubre, nuestra comunidad educativa destac\u00f3 a las y los estudiantes de Preb\u00e1sica que destacaron por alcanzar el mayor porcentaje de asistencia durante el mes de septiembre, entreg\u00e1ndoles las tradicionales pulseras de la asistencia como reconocimiento a su compromiso y constancia. Felicitamos a las y los estudiantes que se destacaron en&hellip;<\/p>\n","protected":false},"author":1,"featured_media":10549,"comment_status":"closed","ping_status":"closed","sticky":false,"template":"","format":"standard","meta":[],"categories":[4],"tags":[],"_links":{"self":[{"href":"http:\/\/sanignacioconcepcion.cl\/sitio\/wp-json\/wp\/v2\/posts\/10548"}],"collection":[{"href":"http:\/\/sanignacioconcepcion.cl\/sitio\/wp-json\/wp\/v2\/posts"}],"about":[{"href":"http:\/\/sanignacioconcepcion.cl\/sitio\/wp-json\/wp\/v2\/types\/post"}],"author":[{"embeddable":true,"href":"http:\/\/sanignacioconcepcion.cl\/sitio\/wp-json\/wp\/v2\/users\/1"}],"replies":[{"embeddable":true,"href":"http:\/\/sanignacioconcepcion.cl\/sitio\/wp-json\/wp\/v2\/comments?post=10548"}],"version-history":[{"count":1,"href":"http:\/\/sanignacioconcepcion.cl\/sitio\/wp-json\/wp\/v2\/posts\/10548\/revisions"}],"predecessor-version":[{"id":10550,"href":"http:\/\/sanignacioconcepcion.cl\/sitio\/wp-json\/wp\/v2\/posts\/10548\/revisions\/10550"}],"wp:featuredmedia":[{"embeddable":true,"href":"http:\/\/sanignacioconcepcion.cl\/sitio\/wp-json\/wp\/v2\/media\/10549"}],"wp:attachment":[{"href":"http:\/\/sanignacioconcepcion.cl\/sitio\/wp-json\/wp\/v2\/media?parent=10548"}],"wp:term":[{"taxonomy":"category","embeddable":true,"href":"http:\/\/sanignacioconcepcion.cl\/sitio\/wp-json\/wp\/v2\/categories?post=10548"},{"taxonomy":"post_tag","embeddable":true,"href":"http:\/\/sanignacioconcepcion.cl\/sitio\/wp-json\/wp\/v2\/tags?post=10548"}],"curies":[{"name":"wp","href":"https:\/\/api.w.org\/{rel}","templated":true}]}}