{"id":10556,"date":"2025-10-10T13:17:09","date_gmt":"2025-10-10T16:17:09","guid":{"rendered":"https:\/\/sanignacioconcepcion.cl\/sitio\/?p=10556"},"modified":"2025-10-10T13:17:09","modified_gmt":"2025-10-10T16:17:09","slug":"experiencia-jerico-formacion-servicio-y-encuentro-con-el-otro","status":"publish","type":"post","link":"http:\/\/sanignacioconcepcion.cl\/sitio\/experiencia-jerico-formacion-servicio-y-encuentro-con-el-otro\/","title":{"rendered":"Experiencia Jeric\u00f3: formaci\u00f3n, servicio y encuentro con el otro"},"content":{"rendered":"<p data-start=\"269\" data-end=\"587\">Durante esta semana, las y los estudiantes de III\u00b0 Medio est\u00e1n viviendo una de las experiencias m\u00e1s significativas de su proceso formativo: <strong data-start=\"409\" data-end=\"419\">Jeric\u00f3<\/strong>, instancia que los invita a salir de s\u00ed mismos para encontrarse con otras realidades y poner en pr\u00e1ctica el sentido profundo del servicio, la empat\u00eda y la solidaridad.<\/p>\n<p data-start=\"589\" data-end=\"888\">El mi\u00e9rcoles 8 de octubre, la directora del colegio, Claudia Messina, junto a la Directora de Pastoral, Pamela Beltr\u00e1n, y el profesor jefe del 3 medio C, Fabi\u00e1n Erices, visitaron a algunos de los grupos que se encuentran desarrollando su experiencia en distintos lugares de la comunidad.<\/p>\n<p data-start=\"589\" data-end=\"888\"><br data-start=\"873\" data-end=\"876\" \/>Entre ellos:<\/p>\n<ul data-start=\"890\" data-end=\"1375\">\n<li data-start=\"890\" data-end=\"1093\">\n<p data-start=\"892\" data-end=\"1093\"><strong data-start=\"892\" data-end=\"930\">Jard\u00edn Infantil Magallanes (JUNJI)<\/strong>, ubicado en Lomas Terrazas, donde participan <em data-start=\"976\" data-end=\"1083\">Francisca Grand\u00f3n, Martina Rozas, Francisco Arroyo, Vicente M\u00e1rquez, Maximiliano Huaiquill\u00e1n y Mateo Indo<\/em> (3\u00b0MC).<\/p>\n<\/li>\n<li data-start=\"1094\" data-end=\"1246\">\n<p data-start=\"1096\" data-end=\"1246\"><strong data-start=\"1096\" data-end=\"1121\">Centro Diurno Kumel\u00e9n<\/strong>, en Concepci\u00f3n, con la participaci\u00f3n de <em data-start=\"1162\" data-end=\"1236\">Mar\u00eda Francisca Alarc\u00f3n, Angelen Ortiz, Maura Montero y Antonella Sufray<\/em> (3\u00b0MC).<\/p>\n<\/li>\n<li data-start=\"1247\" data-end=\"1375\">\n<p data-start=\"1249\" data-end=\"1375\"><strong data-start=\"1249\" data-end=\"1285\">Hogar de Ancianos Club de Leones<\/strong>, en Chiguayante, donde colaboran <em data-start=\"1319\" data-end=\"1365\">Joaqu\u00edn Becerra, Joaqu\u00edn R\u00edos y Diego Segura<\/em> (3\u00b0MC).<\/p>\n<\/li>\n<\/ul>\n<p data-start=\"1426\" data-end=\"1847\">A lo largo de su trayectoria escolar, nuestros estudiantes han vivido diversas experiencias formativas orientadas al crecimiento personal, la construcci\u00f3n de relaciones saludables y el fortalecimiento de su vida espiritual. Jeric\u00f3 representa la s\u00edntesis de este camino: una invitaci\u00f3n a salir de las comodidades, encontrarse con el otro y descubrir en el servicio una fuente de aprendizaje, fe y sentido.<\/p>\n<p data-start=\"2353\" data-end=\"2718\">En palabras de la Directora de Pastoral, <em data-start=\"2414\" data-end=\"2715\">\u201cla experiencia Jeric\u00f3 es un trabajo comunitario de v\u00ednculo y solidaridad. Los chicos se est\u00e1n desplegando en distintas instituciones durante toda la semana, saliendo del aula para encontrarse con el mundo, tomar conciencia de la vida de otros y tambi\u00e9n descubrir sus propias habilidades de trabajo\u201d<\/em>.<\/p>\n<p data-start=\"2720\" data-end=\"3141\">\n","protected":false},"excerpt":{"rendered":"<p>Durante esta semana, las y los estudiantes de III\u00b0 Medio est\u00e1n viviendo una de las experiencias m\u00e1s significativas de su proceso formativo: Jeric\u00f3, instancia que los invita a salir de s\u00ed mismos para encontrarse con otras realidades y poner en pr\u00e1ctica el sentido profundo del servicio, la empat\u00eda y la solidaridad. El mi\u00e9rcoles 8 de&hellip;<\/p>\n","protected":false},"author":1,"featured_media":10557,"comment_status":"closed","ping_status":"closed","sticky":false,"template":"","format":"standard","meta":[],"categories":[4],"tags":[],"_links":{"self":[{"href":"http:\/\/sanignacioconcepcion.cl\/sitio\/wp-json\/wp\/v2\/posts\/10556"}],"collection":[{"href":"http:\/\/sanignacioconcepcion.cl\/sitio\/wp-json\/wp\/v2\/posts"}],"about":[{"href":"http:\/\/sanignacioconcepcion.cl\/sitio\/wp-json\/wp\/v2\/types\/post"}],"author":[{"embeddable":true,"href":"http:\/\/sanignacioconcepcion.cl\/sitio\/wp-json\/wp\/v2\/users\/1"}],"replies":[{"embeddable":true,"href":"http:\/\/sanignacioconcepcion.cl\/sitio\/wp-json\/wp\/v2\/comments?post=10556"}],"version-history":[{"count":1,"href":"http:\/\/sanignacioconcepcion.cl\/sitio\/wp-json\/wp\/v2\/posts\/10556\/revisions"}],"predecessor-version":[{"id":10558,"href":"http:\/\/sanignacioconcepcion.cl\/sitio\/wp-json\/wp\/v2\/posts\/10556\/revisions\/10558"}],"wp:featuredmedia":[{"embeddable":true,"href":"http:\/\/sanignacioconcepcion.cl\/sitio\/wp-json\/wp\/v2\/media\/10557"}],"wp:attachment":[{"href":"http:\/\/sanignacioconcepcion.cl\/sitio\/wp-json\/wp\/v2\/media?parent=10556"}],"wp:term":[{"taxonomy":"category","embeddable":true,"href":"http:\/\/sanignacioconcepcion.cl\/sitio\/wp-json\/wp\/v2\/categories?post=10556"},{"taxonomy":"post_tag","embeddable":true,"href":"http:\/\/sanignacioconcepcion.cl\/sitio\/wp-json\/wp\/v2\/tags?post=10556"}],"curies":[{"name":"wp","href":"https:\/\/api.w.org\/{rel}","templated":true}]}}