{"id":10559,"date":"2025-10-13T12:25:39","date_gmt":"2025-10-13T15:25:39","guid":{"rendered":"https:\/\/sanignacioconcepcion.cl\/sitio\/?p=10559"},"modified":"2025-10-13T12:25:39","modified_gmt":"2025-10-13T15:25:39","slug":"ciclo-loyola-vivio-sus-olimpiadas-de-matematicas-2025","status":"publish","type":"post","link":"http:\/\/sanignacioconcepcion.cl\/sitio\/ciclo-loyola-vivio-sus-olimpiadas-de-matematicas-2025\/","title":{"rendered":"Ciclo Loyola vivi\u00f3 sus Olimpiadas de Matem\u00e1ticas 2025"},"content":{"rendered":"<p data-start=\"268\" data-end=\"542\">El viernes 10 de octubre se desarrollaron las Olimp\u00edadas de Matem\u00e1ticas 2025 del Ciclo Loyola,\u00a0una jornada en la que las y los estudiantes de Prek\u00ednder a Segundo B\u00e1sico pusieron a prueba sus habilidades num\u00e9ricas, el razonamiento l\u00f3gico y el gusto por aprender jugando.<\/p>\n<p data-start=\"544\" data-end=\"664\">En cada nivel, las actividades fueron dise\u00f1adas para promover el pensamiento matem\u00e1tico de manera l\u00fadica y desafiante:<\/p>\n<ul data-start=\"666\" data-end=\"1276\">\n<li data-start=\"666\" data-end=\"821\">\n<p data-start=\"668\" data-end=\"821\">Prek\u00ednder: armaron una recta num\u00e9rica del 1 al 10 y resolvieron series y patrones, fortaleciendo el reconocimiento de n\u00fameros y secuencias.<\/p>\n<\/li>\n<li data-start=\"822\" data-end=\"992\">\n<p data-start=\"824\" data-end=\"992\">K\u00ednder: avanzaron hasta la recta num\u00e9rica del 1 al 20, trabajando con series ascendentes y descendentes que estimularon la comprensi\u00f3n del orden num\u00e9rico.<\/p>\n<\/li>\n<li data-start=\"993\" data-end=\"1134\">\n<p data-start=\"995\" data-end=\"1134\">1\u00b0 B\u00e1sico: realizaron ejercicios de c\u00e1lculo mental del 0 al 20, desarrollando estrategias r\u00e1pidas y eficaces para sumar y restar.<\/p>\n<\/li>\n<li data-start=\"1135\" data-end=\"1276\">\n<p data-start=\"1137\" data-end=\"1276\">2\u00b0 B\u00e1sico: enfrentaron desaf\u00edos de c\u00e1lculo mental del 0 al 100,<\/p>\n<\/li>\n<\/ul>\n<p data-start=\"1651\" data-end=\"1949\">En sinton\u00eda con nuestro Proyecto Educativo Institucional, esta instancia busca favorecer aprendizajes significativos, donde las y los estudiantes descubren sus talentos, desarrollan el pensamiento cr\u00edtico y disfrutan del proceso de aprender, siempre desde una mirada integral e ignaciana.<\/p>\n","protected":false},"excerpt":{"rendered":"<p>El viernes 10 de octubre se desarrollaron las Olimp\u00edadas de Matem\u00e1ticas 2025 del Ciclo Loyola,\u00a0una jornada en la que las y los estudiantes de Prek\u00ednder a Segundo B\u00e1sico pusieron a prueba sus habilidades num\u00e9ricas, el razonamiento l\u00f3gico y el gusto por aprender jugando. En cada nivel, las actividades fueron dise\u00f1adas para promover el pensamiento matem\u00e1tico&hellip;<\/p>\n","protected":false},"author":1,"featured_media":10560,"comment_status":"closed","ping_status":"closed","sticky":false,"template":"","format":"standard","meta":[],"categories":[4],"tags":[],"_links":{"self":[{"href":"http:\/\/sanignacioconcepcion.cl\/sitio\/wp-json\/wp\/v2\/posts\/10559"}],"collection":[{"href":"http:\/\/sanignacioconcepcion.cl\/sitio\/wp-json\/wp\/v2\/posts"}],"about":[{"href":"http:\/\/sanignacioconcepcion.cl\/sitio\/wp-json\/wp\/v2\/types\/post"}],"author":[{"embeddable":true,"href":"http:\/\/sanignacioconcepcion.cl\/sitio\/wp-json\/wp\/v2\/users\/1"}],"replies":[{"embeddable":true,"href":"http:\/\/sanignacioconcepcion.cl\/sitio\/wp-json\/wp\/v2\/comments?post=10559"}],"version-history":[{"count":2,"href":"http:\/\/sanignacioconcepcion.cl\/sitio\/wp-json\/wp\/v2\/posts\/10559\/revisions"}],"predecessor-version":[{"id":10562,"href":"http:\/\/sanignacioconcepcion.cl\/sitio\/wp-json\/wp\/v2\/posts\/10559\/revisions\/10562"}],"wp:featuredmedia":[{"embeddable":true,"href":"http:\/\/sanignacioconcepcion.cl\/sitio\/wp-json\/wp\/v2\/media\/10560"}],"wp:attachment":[{"href":"http:\/\/sanignacioconcepcion.cl\/sitio\/wp-json\/wp\/v2\/media?parent=10559"}],"wp:term":[{"taxonomy":"category","embeddable":true,"href":"http:\/\/sanignacioconcepcion.cl\/sitio\/wp-json\/wp\/v2\/categories?post=10559"},{"taxonomy":"post_tag","embeddable":true,"href":"http:\/\/sanignacioconcepcion.cl\/sitio\/wp-json\/wp\/v2\/tags?post=10559"}],"curies":[{"name":"wp","href":"https:\/\/api.w.org\/{rel}","templated":true}]}}