{"id":10563,"date":"2025-10-13T12:31:17","date_gmt":"2025-10-13T15:31:17","guid":{"rendered":"https:\/\/sanignacioconcepcion.cl\/sitio\/?p=10563"},"modified":"2025-10-13T12:31:17","modified_gmt":"2025-10-13T15:31:17","slug":"festival-de-la-voz-2025-una-tarde-para-celebrar-el-talento-y-la-alegria-de-nuestra-comunidad","status":"publish","type":"post","link":"http:\/\/sanignacioconcepcion.cl\/sitio\/festival-de-la-voz-2025-una-tarde-para-celebrar-el-talento-y-la-alegria-de-nuestra-comunidad\/","title":{"rendered":"Festival de la Voz 2025: una tarde para celebrar el talento y la alegr\u00eda de nuestra comunidad"},"content":{"rendered":"<p data-start=\"247\" data-end=\"517\">El s\u00e1bado 11 de octubre se realiz\u00f3 en nuestro colegio una nueva versi\u00f3n del Festival de la Voz, actividad que se desarroll\u00f3 en el marco del Mes de la Familia y que reuni\u00f3 a estudiantes, familias y educadores en una jornada llena de m\u00fasica, alegr\u00eda y comunidad.<\/p>\n<p data-start=\"519\" data-end=\"856\">Durante la tarde, las y los participantes subieron al escenario para compartir su talento y creatividad a trav\u00e9s de interpretaciones musicales que emocionaron al p\u00fablico.<\/p>\n<p data-start=\"858\" data-end=\"1115\">El Festival de la Voz 2025 fue m\u00e1s que una competencia: se transform\u00f3 en un espacio para celebrar los lazos que nos unen como comunidad ignaciana, reconociendo el valor del arte y la m\u00fasica como formas de encuentro, expresi\u00f3n y alegr\u00eda compartida.<\/p>\n<p data-start=\"1117\" data-end=\"1422\">\n","protected":false},"excerpt":{"rendered":"<p>El s\u00e1bado 11 de octubre se realiz\u00f3 en nuestro colegio una nueva versi\u00f3n del Festival de la Voz, actividad que se desarroll\u00f3 en el marco del Mes de la Familia y que reuni\u00f3 a estudiantes, familias y educadores en una jornada llena de m\u00fasica, alegr\u00eda y comunidad. Durante la tarde, las y los participantes subieron&hellip;<\/p>\n","protected":false},"author":1,"featured_media":10564,"comment_status":"closed","ping_status":"closed","sticky":false,"template":"","format":"standard","meta":[],"categories":[4],"tags":[],"_links":{"self":[{"href":"http:\/\/sanignacioconcepcion.cl\/sitio\/wp-json\/wp\/v2\/posts\/10563"}],"collection":[{"href":"http:\/\/sanignacioconcepcion.cl\/sitio\/wp-json\/wp\/v2\/posts"}],"about":[{"href":"http:\/\/sanignacioconcepcion.cl\/sitio\/wp-json\/wp\/v2\/types\/post"}],"author":[{"embeddable":true,"href":"http:\/\/sanignacioconcepcion.cl\/sitio\/wp-json\/wp\/v2\/users\/1"}],"replies":[{"embeddable":true,"href":"http:\/\/sanignacioconcepcion.cl\/sitio\/wp-json\/wp\/v2\/comments?post=10563"}],"version-history":[{"count":1,"href":"http:\/\/sanignacioconcepcion.cl\/sitio\/wp-json\/wp\/v2\/posts\/10563\/revisions"}],"predecessor-version":[{"id":10565,"href":"http:\/\/sanignacioconcepcion.cl\/sitio\/wp-json\/wp\/v2\/posts\/10563\/revisions\/10565"}],"wp:featuredmedia":[{"embeddable":true,"href":"http:\/\/sanignacioconcepcion.cl\/sitio\/wp-json\/wp\/v2\/media\/10564"}],"wp:attachment":[{"href":"http:\/\/sanignacioconcepcion.cl\/sitio\/wp-json\/wp\/v2\/media?parent=10563"}],"wp:term":[{"taxonomy":"category","embeddable":true,"href":"http:\/\/sanignacioconcepcion.cl\/sitio\/wp-json\/wp\/v2\/categories?post=10563"},{"taxonomy":"post_tag","embeddable":true,"href":"http:\/\/sanignacioconcepcion.cl\/sitio\/wp-json\/wp\/v2\/tags?post=10563"}],"curies":[{"name":"wp","href":"https:\/\/api.w.org\/{rel}","templated":true}]}}