{"id":10588,"date":"2025-10-15T10:54:59","date_gmt":"2025-10-15T13:54:59","guid":{"rendered":"https:\/\/sanignacioconcepcion.cl\/sitio\/?p=10588"},"modified":"2025-10-15T10:54:59","modified_gmt":"2025-10-15T13:54:59","slug":"estudiante-ignaciano-clasifica-en-las-olimpiadas-nacionales-de-matematicas","status":"publish","type":"post","link":"http:\/\/sanignacioconcepcion.cl\/sitio\/estudiante-ignaciano-clasifica-en-las-olimpiadas-nacionales-de-matematicas\/","title":{"rendered":"Estudiante Ignaciano clasifica en las Olimpiadas Nacionales de Matem\u00e1ticas"},"content":{"rendered":"<p data-start=\"304\" data-end=\"549\">Gustavo Valenzuela Henr\u00edquez, estudiante de IV\u00b0 Medio B, fue seleccionado este a\u00f1o para integrar la selecci\u00f3n de Matem\u00e1ticas del Colegio San Ignacio de Concepci\u00f3n, destacando por su participaci\u00f3n en diversas instancias regionales y nacionales.<\/p>\n<p data-start=\"551\" data-end=\"879\">Sobre su experiencia, Gustavo comenta que \u201cha sido una experiencia muy bonita compartir con compa\u00f1eros y estoy muy contento con la oportunidad que se me dio\u201d, especialmente porque fue seleccionado para representar a la regi\u00f3n en las Olimpiadas Nacionales de Matem\u00e1ticas en Santiago, con posibilidad de competir fuera del pa\u00eds.<\/p>\n<p data-start=\"881\" data-end=\"1324\">\u201cEs mi primer a\u00f1o en la selecci\u00f3n y no esperaba participar en algo as\u00ed en cuarto medio, la verdad es que no esperaba llegar tan lejos\u201d, confiesa el estudiante, quien reconoce el apoyo y la motivaci\u00f3n de sus compa\u00f1eros: \u201cQuiero agradecer a mis compa\u00f1eros de selecci\u00f3n, sobre todo a mis compa\u00f1eros de 4\u00b0 medio, al Diego Hermosilla, la Vicky y el Tomi, porque siento que sin ellos no podr\u00eda haber llegado a donde llegu\u00e9 o a donde puedo llegar\u201d.<\/p>\n<p data-start=\"1326\" data-end=\"1773\">El logro tambi\u00e9n ha sido motivo de alegr\u00eda en su entorno familiar. \u201cMi familia est\u00e1 s\u00faper contenta con mi logro porque siempre les dije que me iba mal\u201d. Sin embargo, a\u00f1ade con orgullo: \u201cSiento que yo, clasificando al nacional de las Olimpiadas de Matem\u00e1ticas organizadas por la Sociedad de Matem\u00e1tica, le puedo abrir puertas a muchos ni\u00f1os en el colegio que tienen las capacidades y la inteligencia para llegar tan lejos o m\u00e1s lejos que yo\u201d.<\/p>\n<p data-start=\"1775\" data-end=\"2031\">Para Gustavo, este reconocimiento tiene un significado especial, \u00abeste logro significa un cierre para m\u00ed porque estoy en 4\u00b0 medio, cerrando toda la etapa escolar y va a ser como la \u00faltima actividad extracurricular que tendr\u00e9 como estudiante de 4\u00b0 medio\u201d.<\/p>\n<p data-start=\"2033\" data-end=\"2658\">La profesora Alejandra Barros, jefa del Departamento de Matem\u00e1tica, destac\u00f3 el compromiso y la dedicaci\u00f3n que Gustavo ha mostrado desde que se integr\u00f3 a la selecci\u00f3n:<br data-start=\"2199\" data-end=\"2202\" \/>\u201cFue una sorpresa. Se ha tomado todo con mucho compromiso y seriedad, compartiendo con los compa\u00f1eros que ya estaban en la selecci\u00f3n. Ha participado en tres instancias distintas: el Campeonato Nacional Escolar, las Olimpiadas Regionales de la UBB y esta, que es la etapa regional de las Olimpiadas Nacionales que organiza la Sociedad de Matem\u00e1tica de Chile. De esa etapa clasificaron cuatro personas de la regi\u00f3n para ir a la etapa nacional en Santiago\u201d.<\/p>\n<p data-start=\"2660\" data-end=\"2961\">Finalmente, la docente enfatiz\u00f3 el orgullo del equipo acad\u00e9mico frente al logro. \u00abComo profesores estamos muy orgullosos de que pueda cerrar su etapa de 4\u00b0 medio con este logro. Esperamos que le vaya s\u00faper bien y que sea una instancia para aprender m\u00e1s, conocer gente y poner a prueba sus talentos\u201d.<\/p>\n","protected":false},"excerpt":{"rendered":"<p>Gustavo Valenzuela Henr\u00edquez, estudiante de IV\u00b0 Medio B, fue seleccionado este a\u00f1o para integrar la selecci\u00f3n de Matem\u00e1ticas del Colegio San Ignacio de Concepci\u00f3n, destacando por su participaci\u00f3n en diversas instancias regionales y nacionales. Sobre su experiencia, Gustavo comenta que \u201cha sido una experiencia muy bonita compartir con compa\u00f1eros y estoy muy contento con la&hellip;<\/p>\n","protected":false},"author":1,"featured_media":10589,"comment_status":"closed","ping_status":"closed","sticky":false,"template":"","format":"standard","meta":[],"categories":[4],"tags":[],"_links":{"self":[{"href":"http:\/\/sanignacioconcepcion.cl\/sitio\/wp-json\/wp\/v2\/posts\/10588"}],"collection":[{"href":"http:\/\/sanignacioconcepcion.cl\/sitio\/wp-json\/wp\/v2\/posts"}],"about":[{"href":"http:\/\/sanignacioconcepcion.cl\/sitio\/wp-json\/wp\/v2\/types\/post"}],"author":[{"embeddable":true,"href":"http:\/\/sanignacioconcepcion.cl\/sitio\/wp-json\/wp\/v2\/users\/1"}],"replies":[{"embeddable":true,"href":"http:\/\/sanignacioconcepcion.cl\/sitio\/wp-json\/wp\/v2\/comments?post=10588"}],"version-history":[{"count":1,"href":"http:\/\/sanignacioconcepcion.cl\/sitio\/wp-json\/wp\/v2\/posts\/10588\/revisions"}],"predecessor-version":[{"id":10590,"href":"http:\/\/sanignacioconcepcion.cl\/sitio\/wp-json\/wp\/v2\/posts\/10588\/revisions\/10590"}],"wp:featuredmedia":[{"embeddable":true,"href":"http:\/\/sanignacioconcepcion.cl\/sitio\/wp-json\/wp\/v2\/media\/10589"}],"wp:attachment":[{"href":"http:\/\/sanignacioconcepcion.cl\/sitio\/wp-json\/wp\/v2\/media?parent=10588"}],"wp:term":[{"taxonomy":"category","embeddable":true,"href":"http:\/\/sanignacioconcepcion.cl\/sitio\/wp-json\/wp\/v2\/categories?post=10588"},{"taxonomy":"post_tag","embeddable":true,"href":"http:\/\/sanignacioconcepcion.cl\/sitio\/wp-json\/wp\/v2\/tags?post=10588"}],"curies":[{"name":"wp","href":"https:\/\/api.w.org\/{rel}","templated":true}]}}