{"id":10591,"date":"2025-10-15T11:30:17","date_gmt":"2025-10-15T14:30:17","guid":{"rendered":"https:\/\/sanignacioconcepcion.cl\/sitio\/?p=10591"},"modified":"2025-10-15T11:30:17","modified_gmt":"2025-10-15T14:30:17","slug":"la-ciencia-se-vive-se-experimenta-y-se-comparte-en-el-sic","status":"publish","type":"post","link":"http:\/\/sanignacioconcepcion.cl\/sitio\/la-ciencia-se-vive-se-experimenta-y-se-comparte-en-el-sic\/","title":{"rendered":"La ciencia se vive, se experimenta y se comparte en el SIC"},"content":{"rendered":"<p data-start=\"272\" data-end=\"612\">El martes 14 de octubre se llev\u00f3 a cabo la XVIII Feria Cient\u00edfica del Colegio San Ignacio de Concepci\u00f3n, una tradicional instancia organizada por el Departamento de Ciencias y Tecnolog\u00eda, que busca acercar el conocimiento cient\u00edfico a las y los estudiantes a trav\u00e9s de la experimentaci\u00f3n, la observaci\u00f3n y el trabajo colaborativo.<\/p>\n<p data-start=\"614\" data-end=\"954\">Durante la jornada, las y los estudiantes del Ciclo Loyola y Manresa recorrieron los cuatro espacios habilitados \u2014los dos laboratorios de Ciencias, la Pecera y la sala de electivos\u2014, donde pudieron conocer y disfrutar de variados proyectos, experimentos y demostraciones presentadas por sus compa\u00f1eros y compa\u00f1eras del Ciclo Roma.<\/p>\n<p data-start=\"956\" data-end=\"1281\">Por primera vez, la feria incorpor\u00f3 un espacio dedicado a la tecnolog\u00eda, en el que se presentaron innovaciones como la impresora 3D, junto con proyectos de rob\u00f3tica, experiencias de astronom\u00eda inmersiva y, por supuesto, los cl\u00e1sicos experimentos cient\u00edficos que cada a\u00f1o sorprenden a la comunidad educativa.<span style=\"color: #800000;\"><a style=\"color: #800000;\" href=\"https:\/\/photos.app.goo.gl\/KNPUHfR6Tskw8xmf9\"><strong> Ver fotos<\/strong><\/a><\/span><\/p>\n<p data-start=\"1283\" data-end=\"1393\">\n","protected":false},"excerpt":{"rendered":"<p>El martes 14 de octubre se llev\u00f3 a cabo la XVIII Feria Cient\u00edfica del Colegio San Ignacio de Concepci\u00f3n, una tradicional instancia organizada por el Departamento de Ciencias y Tecnolog\u00eda, que busca acercar el conocimiento cient\u00edfico a las y los estudiantes a trav\u00e9s de la experimentaci\u00f3n, la observaci\u00f3n y el trabajo colaborativo. Durante la jornada,&hellip;<\/p>\n","protected":false},"author":1,"featured_media":10592,"comment_status":"closed","ping_status":"closed","sticky":false,"template":"","format":"standard","meta":[],"categories":[4],"tags":[],"_links":{"self":[{"href":"http:\/\/sanignacioconcepcion.cl\/sitio\/wp-json\/wp\/v2\/posts\/10591"}],"collection":[{"href":"http:\/\/sanignacioconcepcion.cl\/sitio\/wp-json\/wp\/v2\/posts"}],"about":[{"href":"http:\/\/sanignacioconcepcion.cl\/sitio\/wp-json\/wp\/v2\/types\/post"}],"author":[{"embeddable":true,"href":"http:\/\/sanignacioconcepcion.cl\/sitio\/wp-json\/wp\/v2\/users\/1"}],"replies":[{"embeddable":true,"href":"http:\/\/sanignacioconcepcion.cl\/sitio\/wp-json\/wp\/v2\/comments?post=10591"}],"version-history":[{"count":2,"href":"http:\/\/sanignacioconcepcion.cl\/sitio\/wp-json\/wp\/v2\/posts\/10591\/revisions"}],"predecessor-version":[{"id":10594,"href":"http:\/\/sanignacioconcepcion.cl\/sitio\/wp-json\/wp\/v2\/posts\/10591\/revisions\/10594"}],"wp:featuredmedia":[{"embeddable":true,"href":"http:\/\/sanignacioconcepcion.cl\/sitio\/wp-json\/wp\/v2\/media\/10592"}],"wp:attachment":[{"href":"http:\/\/sanignacioconcepcion.cl\/sitio\/wp-json\/wp\/v2\/media?parent=10591"}],"wp:term":[{"taxonomy":"category","embeddable":true,"href":"http:\/\/sanignacioconcepcion.cl\/sitio\/wp-json\/wp\/v2\/categories?post=10591"},{"taxonomy":"post_tag","embeddable":true,"href":"http:\/\/sanignacioconcepcion.cl\/sitio\/wp-json\/wp\/v2\/tags?post=10591"}],"curies":[{"name":"wp","href":"https:\/\/api.w.org\/{rel}","templated":true}]}}