{"id":10602,"date":"2025-10-15T15:46:02","date_gmt":"2025-10-15T18:46:02","guid":{"rendered":"https:\/\/sanignacioconcepcion.cl\/sitio\/?p=10602"},"modified":"2025-10-15T15:46:02","modified_gmt":"2025-10-15T18:46:02","slug":"familias-del-ciclo-loyola-reflexionaron-sobre-la-importancia-de-asistir-a-clases","status":"publish","type":"post","link":"http:\/\/sanignacioconcepcion.cl\/sitio\/familias-del-ciclo-loyola-reflexionaron-sobre-la-importancia-de-asistir-a-clases\/","title":{"rendered":"Familias del Ciclo Loyola reflexionaron sobre la importancia de asistir a clases"},"content":{"rendered":"<p data-start=\"259\" data-end=\"573\">El martes 14 de octubre se realiz\u00f3 en nuestro colegio el taller \u201cAsistir para aprender y crecer: La importancia de la presencia escolar en el desarrollo integral\u201d, una instancia formativa dirigida a las familias del Ciclo Loyola, que cont\u00f3 con la participaci\u00f3n de cerca de 70 familias.<\/p>\n<p data-start=\"575\" data-end=\"1134\">El encuentro tuvo como prop\u00f3sito concientizar a las familias sobre la relevancia de la asistencia regular a clases, no solo como un factor clave en la consolidaci\u00f3n de los aprendizajes acad\u00e9micos, sino tambi\u00e9n en la formaci\u00f3n social y emocional de los ni\u00f1os y ni\u00f1as. Desde la psicolog\u00eda y las neurociencias, se explic\u00f3 c\u00f3mo la presencia constante en el aula favorece el desarrollo del cerebro infantil, potencia el aprendizaje significativo y fortalece la creaci\u00f3n de h\u00e1bitos, rutinas y competencias socioemocionales esenciales para la vida escolar.<\/p>\n<p data-start=\"1136\" data-end=\"1358\">Adem\u00e1s, se destac\u00f3 el rol fundamental de las familias en la construcci\u00f3n de una cultura de asistencia escolar, entendida como un compromiso compartido que protege y promueve el desarrollo integral de cada estudiante.<\/p>\n<p data-start=\"1360\" data-end=\"1567\">La jornada permiti\u00f3 generar un espacio de di\u00e1logo y reflexi\u00f3n conjunta, reforzando el compromiso del colegio y las familias del Ciclo Loyola con la formaci\u00f3n integral y el bienestar de los estudiantes.<\/p>\n","protected":false},"excerpt":{"rendered":"<p>El martes 14 de octubre se realiz\u00f3 en nuestro colegio el taller \u201cAsistir para aprender y crecer: La importancia de la presencia escolar en el desarrollo integral\u201d, una instancia formativa dirigida a las familias del Ciclo Loyola, que cont\u00f3 con la participaci\u00f3n de cerca de 70 familias. El encuentro tuvo como prop\u00f3sito concientizar a las&hellip;<\/p>\n","protected":false},"author":1,"featured_media":10603,"comment_status":"closed","ping_status":"closed","sticky":false,"template":"","format":"standard","meta":[],"categories":[4],"tags":[],"_links":{"self":[{"href":"http:\/\/sanignacioconcepcion.cl\/sitio\/wp-json\/wp\/v2\/posts\/10602"}],"collection":[{"href":"http:\/\/sanignacioconcepcion.cl\/sitio\/wp-json\/wp\/v2\/posts"}],"about":[{"href":"http:\/\/sanignacioconcepcion.cl\/sitio\/wp-json\/wp\/v2\/types\/post"}],"author":[{"embeddable":true,"href":"http:\/\/sanignacioconcepcion.cl\/sitio\/wp-json\/wp\/v2\/users\/1"}],"replies":[{"embeddable":true,"href":"http:\/\/sanignacioconcepcion.cl\/sitio\/wp-json\/wp\/v2\/comments?post=10602"}],"version-history":[{"count":1,"href":"http:\/\/sanignacioconcepcion.cl\/sitio\/wp-json\/wp\/v2\/posts\/10602\/revisions"}],"predecessor-version":[{"id":10604,"href":"http:\/\/sanignacioconcepcion.cl\/sitio\/wp-json\/wp\/v2\/posts\/10602\/revisions\/10604"}],"wp:featuredmedia":[{"embeddable":true,"href":"http:\/\/sanignacioconcepcion.cl\/sitio\/wp-json\/wp\/v2\/media\/10603"}],"wp:attachment":[{"href":"http:\/\/sanignacioconcepcion.cl\/sitio\/wp-json\/wp\/v2\/media?parent=10602"}],"wp:term":[{"taxonomy":"category","embeddable":true,"href":"http:\/\/sanignacioconcepcion.cl\/sitio\/wp-json\/wp\/v2\/categories?post=10602"},{"taxonomy":"post_tag","embeddable":true,"href":"http:\/\/sanignacioconcepcion.cl\/sitio\/wp-json\/wp\/v2\/tags?post=10602"}],"curies":[{"name":"wp","href":"https:\/\/api.w.org\/{rel}","templated":true}]}}