{"id":10608,"date":"2025-10-16T10:49:56","date_gmt":"2025-10-16T13:49:56","guid":{"rendered":"https:\/\/sanignacioconcepcion.cl\/sitio\/?p=10608"},"modified":"2025-10-16T10:49:56","modified_gmt":"2025-10-16T13:49:56","slug":"dia-del-educador-2025-una-jornada-para-agradecer-y-celebrar","status":"publish","type":"post","link":"http:\/\/sanignacioconcepcion.cl\/sitio\/dia-del-educador-2025-una-jornada-para-agradecer-y-celebrar\/","title":{"rendered":"D\u00eda del Educador 2025: una jornada para agradecer y celebrar"},"content":{"rendered":"<p data-start=\"145\" data-end=\"399\">Este jueves 16 de octubre nuestra comunidad educativa celebr\u00f3 con alegr\u00eda el D\u00eda del Educador, una fecha especial para reconocer la vocaci\u00f3n, compromiso y dedicaci\u00f3n de quienes d\u00eda a d\u00eda acompa\u00f1an el aprendizaje y crecimiento de nuestros estudiantes.<\/p>\n<p data-start=\"401\" data-end=\"684\">Durante la jornada, cada ciclo prepar\u00f3 distintas presentaciones y sorpresas para homenajear a sus profesores y profesoras. Hubo muestras art\u00edsticas, cantos, bailes y mensajes de agradecimiento, que reflejaron el cari\u00f1o y la admiraci\u00f3n de los estudiantes hacia sus educadores.<\/p>\n<p data-start=\"686\" data-end=\"876\">Fue una ma\u00f1ana llena de emociones, risas y gratitud, donde se hizo visible el esp\u00edritu comunitario que caracteriza a nuestro colegio y el profundo v\u00ednculo que une a educadores y estudiantes.<\/p>\n<p data-start=\"878\" data-end=\"1081\">A todos quienes forman parte del equipo educativo del Colegio San Ignacio de Concepci\u00f3n, \u00a1gracias por su entrega, entusiasmo y compromiso con la formaci\u00f3n integral de nuestros ni\u00f1os, ni\u00f1as y j\u00f3venes! <a href=\"https:\/\/photos.app.goo.gl\/8FuoxgVXoPxyNLQG7\"><span style=\"color: #800000;\"><strong>Ver fotos<\/strong><\/span><\/a><\/p>\n","protected":false},"excerpt":{"rendered":"<p>Este jueves 16 de octubre nuestra comunidad educativa celebr\u00f3 con alegr\u00eda el D\u00eda del Educador, una fecha especial para reconocer la vocaci\u00f3n, compromiso y dedicaci\u00f3n de quienes d\u00eda a d\u00eda acompa\u00f1an el aprendizaje y crecimiento de nuestros estudiantes. Durante la jornada, cada ciclo prepar\u00f3 distintas presentaciones y sorpresas para homenajear a sus profesores y profesoras.&hellip;<\/p>\n","protected":false},"author":1,"featured_media":10609,"comment_status":"closed","ping_status":"closed","sticky":false,"template":"","format":"standard","meta":[],"categories":[4],"tags":[],"_links":{"self":[{"href":"http:\/\/sanignacioconcepcion.cl\/sitio\/wp-json\/wp\/v2\/posts\/10608"}],"collection":[{"href":"http:\/\/sanignacioconcepcion.cl\/sitio\/wp-json\/wp\/v2\/posts"}],"about":[{"href":"http:\/\/sanignacioconcepcion.cl\/sitio\/wp-json\/wp\/v2\/types\/post"}],"author":[{"embeddable":true,"href":"http:\/\/sanignacioconcepcion.cl\/sitio\/wp-json\/wp\/v2\/users\/1"}],"replies":[{"embeddable":true,"href":"http:\/\/sanignacioconcepcion.cl\/sitio\/wp-json\/wp\/v2\/comments?post=10608"}],"version-history":[{"count":1,"href":"http:\/\/sanignacioconcepcion.cl\/sitio\/wp-json\/wp\/v2\/posts\/10608\/revisions"}],"predecessor-version":[{"id":10610,"href":"http:\/\/sanignacioconcepcion.cl\/sitio\/wp-json\/wp\/v2\/posts\/10608\/revisions\/10610"}],"wp:featuredmedia":[{"embeddable":true,"href":"http:\/\/sanignacioconcepcion.cl\/sitio\/wp-json\/wp\/v2\/media\/10609"}],"wp:attachment":[{"href":"http:\/\/sanignacioconcepcion.cl\/sitio\/wp-json\/wp\/v2\/media?parent=10608"}],"wp:term":[{"taxonomy":"category","embeddable":true,"href":"http:\/\/sanignacioconcepcion.cl\/sitio\/wp-json\/wp\/v2\/categories?post=10608"},{"taxonomy":"post_tag","embeddable":true,"href":"http:\/\/sanignacioconcepcion.cl\/sitio\/wp-json\/wp\/v2\/tags?post=10608"}],"curies":[{"name":"wp","href":"https:\/\/api.w.org\/{rel}","templated":true}]}}