{"id":10611,"date":"2025-10-17T13:19:40","date_gmt":"2025-10-17T16:19:40","guid":{"rendered":"https:\/\/sanignacioconcepcion.cl\/sitio\/?p=10611"},"modified":"2025-10-17T13:19:40","modified_gmt":"2025-10-17T16:19:40","slug":"equipo-de-voleibol-clasifica-al-nacional-escolar-2025","status":"publish","type":"post","link":"http:\/\/sanignacioconcepcion.cl\/sitio\/equipo-de-voleibol-clasifica-al-nacional-escolar-2025\/","title":{"rendered":"Equipo de V\u00f3leibol clasifica al Nacional Escolar 2025"},"content":{"rendered":"<p data-start=\"141\" data-end=\"426\">La tarde del jueves 16 de octubre, el equipo de v\u00f3leibol sub 17 varones del Colegio San Ignacio de Concepci\u00f3n se coron\u00f3 campe\u00f3n regional de los Juegos Deportivos Escolares 2025, tras imponerse en tres sets al Colegio Sagrados Corazones en el Polideportivo Municipal de Curanilahue.<\/p>\n<p data-start=\"428\" data-end=\"750\">Con este resultado, el conjunto ignaciano asegur\u00f3 su clasificaci\u00f3n a la Final Nacional de V\u00f3leibol Juvenil, que se desarrollar\u00e1 entre el 23 y el 29 de octubre en Coquimbo.<\/p>\n<p data-start=\"428\" data-end=\"750\">En la final regional, Borja Caparr\u00f3s fue elegido como mejor jugador del partido, destacando por su t\u00e9cnica y liderazgo en la cancha.<\/p>\n<p data-start=\"752\" data-end=\"1143\">Para reconocer el esfuerzo y compromiso de los deportistas, la ma\u00f1ana de este viernes 17 de octubre se realiz\u00f3 un desayuno de felicitaci\u00f3n en el colegio, instancia en la que participaron la directora Claudia Messina, el capell\u00e1n P. Juan Pablo Moyano SJ, la directora de ciclo Nilda Ambiado, la encargada de ACLE Paulina Espinoza y el director acad\u00e9mico Hector Nova.<\/p>\n<p data-start=\"752\" data-end=\"1143\">Durante el encuentro, se destac\u00f3 no solo el logro deportivo, sino tambi\u00e9n el trabajo en equipo, la disciplina y el esp\u00edritu ignaciano que ha caracterizado a los estudiantes durante toda la temporada.<\/p>\n<p data-start=\"1346\" data-end=\"1402\">El entrenador del equipo, Daniel Andrade, coment\u00f3 que se siente \u00abs\u00faper contento con el desempe\u00f1o de los chicos, felices porque van a disfrutar un Nacional que no se lograba hace mucho tiempo. Ahora nos preparamos para lo que viene: estudiar a los equipos rivales y prepararnos t\u00e1ctica y psicol\u00f3gicamente para enfrentar el desaf\u00edo.\u201d<\/p>\n<h3 data-start=\"1684\" data-end=\"1714\">Plantel del equipo campe\u00f3n<\/h3>\n<ul data-start=\"1715\" data-end=\"1991\">\n<li data-start=\"1715\" data-end=\"1740\">\n<p data-start=\"1717\" data-end=\"1740\">Nicol\u00e1s Riquelme Isla<\/p>\n<\/li>\n<li data-start=\"1741\" data-end=\"1762\">\n<p data-start=\"1743\" data-end=\"1762\">Manuel S\u00e1ez Palma<\/p>\n<\/li>\n<li data-start=\"1763\" data-end=\"1791\">\n<p data-start=\"1765\" data-end=\"1791\">Camilo Castillo Mardones<\/p>\n<\/li>\n<li data-start=\"1792\" data-end=\"1820\">\n<p data-start=\"1794\" data-end=\"1820\">Jos\u00e9 Tom\u00e1s Aravena Arias<\/p>\n<\/li>\n<li data-start=\"1821\" data-end=\"1848\">\n<p data-start=\"1823\" data-end=\"1848\">Benjam\u00edn Soto Maldonado<\/p>\n<\/li>\n<li data-start=\"1849\" data-end=\"1875\">\n<p data-start=\"1851\" data-end=\"1875\">Rodrigo Puchi Vallejos<\/p>\n<\/li>\n<li data-start=\"1876\" data-end=\"1903\">\n<p data-start=\"1878\" data-end=\"1903\">Mat\u00edas Beltr\u00e1n Aillap\u00e1n<\/p>\n<\/li>\n<li data-start=\"1904\" data-end=\"1933\">\n<p data-start=\"1906\" data-end=\"1933\">Maximiliano Ortega Sealls<\/p>\n<\/li>\n<li data-start=\"1934\" data-end=\"1964\">\n<p data-start=\"1936\" data-end=\"1964\">Agust\u00edn Rodr\u00edguez Diocares<\/p>\n<\/li>\n<\/ul>\n<p data-start=\"1993\" data-end=\"2009\">Refuerzos:<\/p>\n<ul data-start=\"2010\" data-end=\"2064\">\n<li>Sebasti\u00e1n Vega Sagredo<\/li>\n<li data-start=\"2010\" data-end=\"2037\">\n<p data-start=\"2012\" data-end=\"2037\">Mat\u00edas Escalona Sobarzo<\/p>\n<\/li>\n<li data-start=\"2038\" data-end=\"2064\">\n<p data-start=\"2040\" data-end=\"2064\">Borja Caparr\u00f3s Salinas<\/p>\n<\/li>\n<\/ul>\n","protected":false},"excerpt":{"rendered":"<p>La tarde del jueves 16 de octubre, el equipo de v\u00f3leibol sub 17 varones del Colegio San Ignacio de Concepci\u00f3n se coron\u00f3 campe\u00f3n regional de los Juegos Deportivos Escolares 2025, tras imponerse en tres sets al Colegio Sagrados Corazones en el Polideportivo Municipal de Curanilahue. Con este resultado, el conjunto ignaciano asegur\u00f3 su clasificaci\u00f3n a&hellip;<\/p>\n","protected":false},"author":1,"featured_media":10612,"comment_status":"closed","ping_status":"closed","sticky":false,"template":"","format":"standard","meta":[],"categories":[4],"tags":[],"_links":{"self":[{"href":"http:\/\/sanignacioconcepcion.cl\/sitio\/wp-json\/wp\/v2\/posts\/10611"}],"collection":[{"href":"http:\/\/sanignacioconcepcion.cl\/sitio\/wp-json\/wp\/v2\/posts"}],"about":[{"href":"http:\/\/sanignacioconcepcion.cl\/sitio\/wp-json\/wp\/v2\/types\/post"}],"author":[{"embeddable":true,"href":"http:\/\/sanignacioconcepcion.cl\/sitio\/wp-json\/wp\/v2\/users\/1"}],"replies":[{"embeddable":true,"href":"http:\/\/sanignacioconcepcion.cl\/sitio\/wp-json\/wp\/v2\/comments?post=10611"}],"version-history":[{"count":1,"href":"http:\/\/sanignacioconcepcion.cl\/sitio\/wp-json\/wp\/v2\/posts\/10611\/revisions"}],"predecessor-version":[{"id":10613,"href":"http:\/\/sanignacioconcepcion.cl\/sitio\/wp-json\/wp\/v2\/posts\/10611\/revisions\/10613"}],"wp:featuredmedia":[{"embeddable":true,"href":"http:\/\/sanignacioconcepcion.cl\/sitio\/wp-json\/wp\/v2\/media\/10612"}],"wp:attachment":[{"href":"http:\/\/sanignacioconcepcion.cl\/sitio\/wp-json\/wp\/v2\/media?parent=10611"}],"wp:term":[{"taxonomy":"category","embeddable":true,"href":"http:\/\/sanignacioconcepcion.cl\/sitio\/wp-json\/wp\/v2\/categories?post=10611"},{"taxonomy":"post_tag","embeddable":true,"href":"http:\/\/sanignacioconcepcion.cl\/sitio\/wp-json\/wp\/v2\/tags?post=10611"}],"curies":[{"name":"wp","href":"https:\/\/api.w.org\/{rel}","templated":true}]}}