{"id":10616,"date":"2025-10-20T12:05:58","date_gmt":"2025-10-20T15:05:58","guid":{"rendered":"https:\/\/sanignacioconcepcion.cl\/sitio\/?p=10616"},"modified":"2025-10-20T14:22:14","modified_gmt":"2025-10-20T17:22:14","slug":"noche-de-las-artes-2025-los-2000s-arte-y-memoria-en-latinoamerica","status":"publish","type":"post","link":"http:\/\/sanignacioconcepcion.cl\/sitio\/noche-de-las-artes-2025-los-2000s-arte-y-memoria-en-latinoamerica\/","title":{"rendered":"Noche de las Artes 2025: \u201cLos 2000\u2019s, arte y memoria en Latinoam\u00e9rica\u201d"},"content":{"rendered":"<p data-start=\"235\" data-end=\"698\">El pasado viernes 17 de octubre, se realiz\u00f3 una nueva versi\u00f3n de la tradicional Noche de las Artes, una esperada actividad que cada a\u00f1o protagonizan los estudiantes de IV\u00b0 Medio. Esta instancia, que se ha consolidado como una de las m\u00e1s significativas de la formaci\u00f3n art\u00edstica y humanista en el colegio, invita a los j\u00f3venes a expresar su creatividad, sensibilidad y mirada cr\u00edtica del mundo a trav\u00e9s del arte.<\/p>\n<p data-start=\"700\" data-end=\"983\">Bajo el t\u00edtulo \u201cLos 2000\u2019s: arte y memoria en Latinoam\u00e9rica\u201d, la jornada tuvo como eje la exploraci\u00f3n de la m\u00fasica, la pintura, la fotograf\u00eda y otras manifestaciones art\u00edsticas inspiradas en las transformaciones culturales y sociales de la regi\u00f3n durante esa d\u00e9cada.<\/p>\n<p data-start=\"985\" data-end=\"1366\">La velada comenz\u00f3 en el gimnasio del colegio con la interpretaci\u00f3n en vivo de canciones ic\u00f3nicas de los a\u00f1os 2000, intercaladas con la presentaci\u00f3n de distintos proyectos art\u00edsticos elaborados por los estudiantes. Cada n\u00famero reflej\u00f3 no solo el talento de los j\u00f3venes, sino tambi\u00e9n su capacidad de conectar el arte con la memoria colectiva y la identidad latinoamericana.<\/p>\n<p data-start=\"1368\" data-end=\"1747\">Al finalizar la presentaci\u00f3n musical, los asistentes se dirigieron al segundo gimnasio, donde se inaugur\u00f3 la exposici\u00f3n de obras visuales creadas por los IV\u00b0 Medios, incluyendo pinturas, fotograf\u00edas, entre otros. Este recorrido permiti\u00f3 a las familias, educadores y compa\u00f1eros apreciar el resultado de meses de trabajo, reflexi\u00f3n y colaboraci\u00f3n.<\/p>\n<p data-start=\"1749\" data-end=\"1958\">La Noche de las Artes 2025 fue una experiencia que uni\u00f3 emoci\u00f3n, nostalgia y creatividad, reafirmando el valor del arte como espacio de encuentro, expresi\u00f3n y memoria dentro de la vida escolar ignaciana. <a href=\"https:\/\/photos.app.goo.gl\/LucVJbnjecsH7zmKA\"><span style=\"color: #800000;\"><strong>Ver fotos<\/strong><\/span><\/a><\/p>\n","protected":false},"excerpt":{"rendered":"<p>El pasado viernes 17 de octubre, se realiz\u00f3 una nueva versi\u00f3n de la tradicional Noche de las Artes, una esperada actividad que cada a\u00f1o protagonizan los estudiantes de IV\u00b0 Medio. Esta instancia, que se ha consolidado como una de las m\u00e1s significativas de la formaci\u00f3n art\u00edstica y humanista en el colegio, invita a los j\u00f3venes&hellip;<\/p>\n","protected":false},"author":1,"featured_media":10617,"comment_status":"closed","ping_status":"closed","sticky":false,"template":"","format":"standard","meta":[],"categories":[4],"tags":[],"_links":{"self":[{"href":"http:\/\/sanignacioconcepcion.cl\/sitio\/wp-json\/wp\/v2\/posts\/10616"}],"collection":[{"href":"http:\/\/sanignacioconcepcion.cl\/sitio\/wp-json\/wp\/v2\/posts"}],"about":[{"href":"http:\/\/sanignacioconcepcion.cl\/sitio\/wp-json\/wp\/v2\/types\/post"}],"author":[{"embeddable":true,"href":"http:\/\/sanignacioconcepcion.cl\/sitio\/wp-json\/wp\/v2\/users\/1"}],"replies":[{"embeddable":true,"href":"http:\/\/sanignacioconcepcion.cl\/sitio\/wp-json\/wp\/v2\/comments?post=10616"}],"version-history":[{"count":2,"href":"http:\/\/sanignacioconcepcion.cl\/sitio\/wp-json\/wp\/v2\/posts\/10616\/revisions"}],"predecessor-version":[{"id":10622,"href":"http:\/\/sanignacioconcepcion.cl\/sitio\/wp-json\/wp\/v2\/posts\/10616\/revisions\/10622"}],"wp:featuredmedia":[{"embeddable":true,"href":"http:\/\/sanignacioconcepcion.cl\/sitio\/wp-json\/wp\/v2\/media\/10617"}],"wp:attachment":[{"href":"http:\/\/sanignacioconcepcion.cl\/sitio\/wp-json\/wp\/v2\/media?parent=10616"}],"wp:term":[{"taxonomy":"category","embeddable":true,"href":"http:\/\/sanignacioconcepcion.cl\/sitio\/wp-json\/wp\/v2\/categories?post=10616"},{"taxonomy":"post_tag","embeddable":true,"href":"http:\/\/sanignacioconcepcion.cl\/sitio\/wp-json\/wp\/v2\/tags?post=10616"}],"curies":[{"name":"wp","href":"https:\/\/api.w.org\/{rel}","templated":true}]}}