{"id":10619,"date":"2025-10-20T12:12:39","date_gmt":"2025-10-20T15:12:39","guid":{"rendered":"https:\/\/sanignacioconcepcion.cl\/sitio\/?p=10619"},"modified":"2025-10-20T12:12:39","modified_gmt":"2025-10-20T15:12:39","slug":"familias-ignacianas-recorrieron-las-calles-de-concepcion-en-una-jornada-de-fe-y-alegria","status":"publish","type":"post","link":"http:\/\/sanignacioconcepcion.cl\/sitio\/familias-ignacianas-recorrieron-las-calles-de-concepcion-en-una-jornada-de-fe-y-alegria\/","title":{"rendered":"Familias ignacianas recorrieron las calles de Concepci\u00f3n en una jornada de fe y alegr\u00eda"},"content":{"rendered":"<p data-start=\"217\" data-end=\"479\">En el marco del Mes de la Familia, el pasado s\u00e1bado 18 de octubre se realiz\u00f3 la Peregrinaci\u00f3n Familiar del Colegio San Ignacio de Concepci\u00f3n, una jornada que reuni\u00f3 a estudiantes, familias y educadores en un encuentro de fe y comunidad.<\/p>\n<p data-start=\"481\" data-end=\"867\">La actividad comenz\u00f3 en Infocap Concepci\u00f3n, desde donde las familias iniciaron su caminar hacia la Catedral de Concepci\u00f3n, acompa\u00f1adas de cantos, oraciones y un esp\u00edritu festivo que llen\u00f3 las calles de alegr\u00eda. Durante el trayecto, los participantes entregaron globos y dulces a las personas que encontraban en el camino, compartiendo as\u00ed gestos de cercan\u00eda y fraternidad.<\/p>\n<p data-start=\"869\" data-end=\"1073\">La peregrinaci\u00f3n culmin\u00f3 con una Eucarist\u00eda en la Catedral de Concepci\u00f3n, instancia en la que se dio gracias por la vida familiar, la comunidad educativa y el amor que une a las familias ignacianas.<\/p>\n<p data-start=\"1075\" data-end=\"1315\">\n","protected":false},"excerpt":{"rendered":"<p>En el marco del Mes de la Familia, el pasado s\u00e1bado 18 de octubre se realiz\u00f3 la Peregrinaci\u00f3n Familiar del Colegio San Ignacio de Concepci\u00f3n, una jornada que reuni\u00f3 a estudiantes, familias y educadores en un encuentro de fe y comunidad. La actividad comenz\u00f3 en Infocap Concepci\u00f3n, desde donde las familias iniciaron su caminar hacia&hellip;<\/p>\n","protected":false},"author":1,"featured_media":10620,"comment_status":"closed","ping_status":"closed","sticky":false,"template":"","format":"standard","meta":[],"categories":[4],"tags":[],"_links":{"self":[{"href":"http:\/\/sanignacioconcepcion.cl\/sitio\/wp-json\/wp\/v2\/posts\/10619"}],"collection":[{"href":"http:\/\/sanignacioconcepcion.cl\/sitio\/wp-json\/wp\/v2\/posts"}],"about":[{"href":"http:\/\/sanignacioconcepcion.cl\/sitio\/wp-json\/wp\/v2\/types\/post"}],"author":[{"embeddable":true,"href":"http:\/\/sanignacioconcepcion.cl\/sitio\/wp-json\/wp\/v2\/users\/1"}],"replies":[{"embeddable":true,"href":"http:\/\/sanignacioconcepcion.cl\/sitio\/wp-json\/wp\/v2\/comments?post=10619"}],"version-history":[{"count":1,"href":"http:\/\/sanignacioconcepcion.cl\/sitio\/wp-json\/wp\/v2\/posts\/10619\/revisions"}],"predecessor-version":[{"id":10621,"href":"http:\/\/sanignacioconcepcion.cl\/sitio\/wp-json\/wp\/v2\/posts\/10619\/revisions\/10621"}],"wp:featuredmedia":[{"embeddable":true,"href":"http:\/\/sanignacioconcepcion.cl\/sitio\/wp-json\/wp\/v2\/media\/10620"}],"wp:attachment":[{"href":"http:\/\/sanignacioconcepcion.cl\/sitio\/wp-json\/wp\/v2\/media?parent=10619"}],"wp:term":[{"taxonomy":"category","embeddable":true,"href":"http:\/\/sanignacioconcepcion.cl\/sitio\/wp-json\/wp\/v2\/categories?post=10619"},{"taxonomy":"post_tag","embeddable":true,"href":"http:\/\/sanignacioconcepcion.cl\/sitio\/wp-json\/wp\/v2\/tags?post=10619"}],"curies":[{"name":"wp","href":"https:\/\/api.w.org\/{rel}","templated":true}]}}