{"id":10623,"date":"2025-10-20T14:39:05","date_gmt":"2025-10-20T17:39:05","guid":{"rendered":"https:\/\/sanignacioconcepcion.cl\/sitio\/?p=10623"},"modified":"2025-10-20T14:39:05","modified_gmt":"2025-10-20T17:39:05","slug":"educacion-parvularia-celebro-la-semana-intercultural-con-actividades-llenas-de-color-musica-y-tradiciones","status":"publish","type":"post","link":"http:\/\/sanignacioconcepcion.cl\/sitio\/educacion-parvularia-celebro-la-semana-intercultural-con-actividades-llenas-de-color-musica-y-tradiciones\/","title":{"rendered":"Educaci\u00f3n Parvularia celebr\u00f3 la Semana Intercultural con actividades llenas de color, m\u00fasica y tradiciones"},"content":{"rendered":"<p data-start=\"285\" data-end=\"597\">Entre el 13 y el 17 de octubre, las y los estudiantes de Educaci\u00f3n Parvularia vivieron la Semana Intercultural, una experiencia educativa que busc\u00f3 reconocer y valorar la diversidad cultural de Latinoam\u00e9rica a trav\u00e9s de actividades creativas, l\u00fadicas y participativas.<\/p>\n<p data-start=\"599\" data-end=\"897\">Durante la semana, cada jornada tuvo una tem\u00e1tica distinta. Todo comenz\u00f3 con un alegre Desfile de Banderas Latinoamericanas.<\/p>\n<p data-start=\"189\" data-end=\"443\">Entre el 13 y el 17 de octubre, las y los estudiantes de Educaci\u00f3n Parvularia vivieron la Semana Intercultural, una instancia que invit\u00f3 a conocer y valorar la diversidad cultural de Latinoam\u00e9rica a trav\u00e9s de actividades creativas y significativas.<\/p>\n<p data-start=\"445\" data-end=\"893\">Durante la semana, se realizaron distintas experiencias: un desfile de banderas latinoamericanas, la Feria de los Pueblos Originarios, espacios de m\u00fasica y juegos tradicionales durante los recreos, cuentacuentos sobre leyendas de otras culturas.<\/p>\n<p data-start=\"895\" data-end=\"1110\">Estas actividades promovieron el respeto, la inclusi\u00f3n y la valoraci\u00f3n de la riqueza cultural que nos une como comunidad. <a href=\"https:\/\/photos.app.goo.gl\/hASx5mfbtNF5WyT38\"><span style=\"color: #800000;\"><strong>Ver fotos<\/strong><\/span><\/a><\/p>\n","protected":false},"excerpt":{"rendered":"<p>Entre el 13 y el 17 de octubre, las y los estudiantes de Educaci\u00f3n Parvularia vivieron la Semana Intercultural, una experiencia educativa que busc\u00f3 reconocer y valorar la diversidad cultural de Latinoam\u00e9rica a trav\u00e9s de actividades creativas, l\u00fadicas y participativas. Durante la semana, cada jornada tuvo una tem\u00e1tica distinta. Todo comenz\u00f3 con un alegre Desfile&hellip;<\/p>\n","protected":false},"author":1,"featured_media":10624,"comment_status":"closed","ping_status":"closed","sticky":false,"template":"","format":"standard","meta":[],"categories":[4],"tags":[],"_links":{"self":[{"href":"http:\/\/sanignacioconcepcion.cl\/sitio\/wp-json\/wp\/v2\/posts\/10623"}],"collection":[{"href":"http:\/\/sanignacioconcepcion.cl\/sitio\/wp-json\/wp\/v2\/posts"}],"about":[{"href":"http:\/\/sanignacioconcepcion.cl\/sitio\/wp-json\/wp\/v2\/types\/post"}],"author":[{"embeddable":true,"href":"http:\/\/sanignacioconcepcion.cl\/sitio\/wp-json\/wp\/v2\/users\/1"}],"replies":[{"embeddable":true,"href":"http:\/\/sanignacioconcepcion.cl\/sitio\/wp-json\/wp\/v2\/comments?post=10623"}],"version-history":[{"count":1,"href":"http:\/\/sanignacioconcepcion.cl\/sitio\/wp-json\/wp\/v2\/posts\/10623\/revisions"}],"predecessor-version":[{"id":10625,"href":"http:\/\/sanignacioconcepcion.cl\/sitio\/wp-json\/wp\/v2\/posts\/10623\/revisions\/10625"}],"wp:featuredmedia":[{"embeddable":true,"href":"http:\/\/sanignacioconcepcion.cl\/sitio\/wp-json\/wp\/v2\/media\/10624"}],"wp:attachment":[{"href":"http:\/\/sanignacioconcepcion.cl\/sitio\/wp-json\/wp\/v2\/media?parent=10623"}],"wp:term":[{"taxonomy":"category","embeddable":true,"href":"http:\/\/sanignacioconcepcion.cl\/sitio\/wp-json\/wp\/v2\/categories?post=10623"},{"taxonomy":"post_tag","embeddable":true,"href":"http:\/\/sanignacioconcepcion.cl\/sitio\/wp-json\/wp\/v2\/tags?post=10623"}],"curies":[{"name":"wp","href":"https:\/\/api.w.org\/{rel}","templated":true}]}}