{"id":10626,"date":"2025-10-20T15:28:10","date_gmt":"2025-10-20T18:28:10","guid":{"rendered":"https:\/\/sanignacioconcepcion.cl\/sitio\/?p=10626"},"modified":"2025-10-20T15:28:10","modified_gmt":"2025-10-20T18:28:10","slug":"sic-compartio-su-modelo-pedagogico-de-educacion-fisica-en-la-udec","status":"publish","type":"post","link":"http:\/\/sanignacioconcepcion.cl\/sitio\/sic-compartio-su-modelo-pedagogico-de-educacion-fisica-en-la-udec\/","title":{"rendered":"SIC comparti\u00f3 su modelo pedag\u00f3gico de Educaci\u00f3n F\u00edsica en la UdeC"},"content":{"rendered":"<p data-start=\"232\" data-end=\"724\">El jueves 16 de octubre, Paulina Espinoza, jefa del Departamento de Educaci\u00f3n F\u00edsica del Colegio San Ignacio de Concepci\u00f3n, present\u00f3 en la Universidad de Concepci\u00f3n el modelo pedag\u00f3gico de las clases de Educaci\u00f3n F\u00edsica que se implementa en nuestro colegio. La exposici\u00f3n se realiz\u00f3 en el marco de Aulas Abiertas, una iniciativa de vinculaci\u00f3n con el medio impulsada por la UdeC que busca generar espacios de encuentro y aprendizaje entre distintas comunidades educativas.<\/p>\n<p data-start=\"726\" data-end=\"996\">Durante su presentaci\u00f3n, Paulina comparti\u00f3 los fundamentos del modelo, destacando la importancia de una formaci\u00f3n integral que promueve el desarrollo f\u00edsico, social y espiritual de los estudiantes, en coherencia con el Proyecto Educativo Institucional del colegio.<\/p>\n<p data-start=\"998\" data-end=\"1225\">La participaci\u00f3n del Colegio San Ignacio en esta instancia reafirma su compromiso con el intercambio pedag\u00f3gico y la colaboraci\u00f3n entre instituciones, aportando experiencias significativas desde la pr\u00e1ctica docente ignaciana.<\/p>\n","protected":false},"excerpt":{"rendered":"<p>El jueves 16 de octubre, Paulina Espinoza, jefa del Departamento de Educaci\u00f3n F\u00edsica del Colegio San Ignacio de Concepci\u00f3n, present\u00f3 en la Universidad de Concepci\u00f3n el modelo pedag\u00f3gico de las clases de Educaci\u00f3n F\u00edsica que se implementa en nuestro colegio. La exposici\u00f3n se realiz\u00f3 en el marco de Aulas Abiertas, una iniciativa de vinculaci\u00f3n con&hellip;<\/p>\n","protected":false},"author":1,"featured_media":10627,"comment_status":"closed","ping_status":"closed","sticky":false,"template":"","format":"standard","meta":[],"categories":[4],"tags":[],"_links":{"self":[{"href":"http:\/\/sanignacioconcepcion.cl\/sitio\/wp-json\/wp\/v2\/posts\/10626"}],"collection":[{"href":"http:\/\/sanignacioconcepcion.cl\/sitio\/wp-json\/wp\/v2\/posts"}],"about":[{"href":"http:\/\/sanignacioconcepcion.cl\/sitio\/wp-json\/wp\/v2\/types\/post"}],"author":[{"embeddable":true,"href":"http:\/\/sanignacioconcepcion.cl\/sitio\/wp-json\/wp\/v2\/users\/1"}],"replies":[{"embeddable":true,"href":"http:\/\/sanignacioconcepcion.cl\/sitio\/wp-json\/wp\/v2\/comments?post=10626"}],"version-history":[{"count":1,"href":"http:\/\/sanignacioconcepcion.cl\/sitio\/wp-json\/wp\/v2\/posts\/10626\/revisions"}],"predecessor-version":[{"id":10628,"href":"http:\/\/sanignacioconcepcion.cl\/sitio\/wp-json\/wp\/v2\/posts\/10626\/revisions\/10628"}],"wp:featuredmedia":[{"embeddable":true,"href":"http:\/\/sanignacioconcepcion.cl\/sitio\/wp-json\/wp\/v2\/media\/10627"}],"wp:attachment":[{"href":"http:\/\/sanignacioconcepcion.cl\/sitio\/wp-json\/wp\/v2\/media?parent=10626"}],"wp:term":[{"taxonomy":"category","embeddable":true,"href":"http:\/\/sanignacioconcepcion.cl\/sitio\/wp-json\/wp\/v2\/categories?post=10626"},{"taxonomy":"post_tag","embeddable":true,"href":"http:\/\/sanignacioconcepcion.cl\/sitio\/wp-json\/wp\/v2\/tags?post=10626"}],"curies":[{"name":"wp","href":"https:\/\/api.w.org\/{rel}","templated":true}]}}