{"id":10629,"date":"2025-10-20T15:38:52","date_gmt":"2025-10-20T18:38:52","guid":{"rendered":"https:\/\/sanignacioconcepcion.cl\/sitio\/?p=10629"},"modified":"2025-10-20T15:40:19","modified_gmt":"2025-10-20T18:40:19","slug":"colegio-san-ignacio-se-corona-campeon-escolar-en-la-copa-kairos-de-gimnasia-artistica","status":"publish","type":"post","link":"http:\/\/sanignacioconcepcion.cl\/sitio\/colegio-san-ignacio-se-corona-campeon-escolar-en-la-copa-kairos-de-gimnasia-artistica\/","title":{"rendered":"Colegio San Ignacio se corona campe\u00f3n escolar en la Copa Kair\u00f3s de Gimnasia Art\u00edstica"},"content":{"rendered":"<p data-start=\"182\" data-end=\"463\">El viernes 17 y s\u00e1bado 18 de octubre se realiz\u00f3 la Copa Kair\u00f3s \u201cEl momento oportuno\u201d de gimnasia art\u00edstica, encuentro desarrollado en el Gimnasio Municipal de Concepci\u00f3n, que reuni\u00f3 a cuatro colegios y cerca de veinte clubes provenientes de distintas regiones del pa\u00eds.<\/p>\n<p data-start=\"465\" data-end=\"691\">Nuestro colegio particip\u00f3 con 18 gimnastas damas en pruebas de suelo, salto y equilibrio, y 4 varones en pruebas de suelo y salto, demostrando compromiso, t\u00e9cnica y esp\u00edritu deportivo en cada una de sus presentaciones.<\/p>\n<p data-start=\"693\" data-end=\"1017\">Durante la jornada inaugural, se destac\u00f3 a deportistas ejemplares de todos los clubes y colegios participantes. En representaci\u00f3n de nuestra comunidad, la estudiante Francisca Acu\u00f1a fue reconocida por sus profesores por su compromiso, respeto y responsabilidad, valores que reflejan el sello ignaciano en el deporte.<\/p>\n<p data-start=\"1019\" data-end=\"1404\">La competencia se desarroll\u00f3 el d\u00eda s\u00e1bado, obteniendo excelentes resultados tanto en las categor\u00edas femeninas como masculinas. En varones, Samuel Larenas se coron\u00f3 campe\u00f3n en suelo, salto y all around, mientras que Crist\u00f3bal Contreras logr\u00f3 el 1\u00ba lugar all around, Tom\u00e1s Torres el 1\u00ba lugar en suelo, y El\u00edas Soto el 2\u00ba lugar en salto y 3\u00ba en suelo.<\/p>\n<p data-start=\"1406\" data-end=\"1459\">En damas, los logros tambi\u00e9n fueron sobresalientes:<\/p>\n<ul data-start=\"1460\" data-end=\"2140\">\n<li data-start=\"1460\" data-end=\"1657\">\n<p data-start=\"1462\" data-end=\"1657\">Categor\u00eda 1: Mar\u00eda Elena Cerda (1\u00ba lugar all around), Antonia Soto Vergara (2\u00ba) y Josefina Mac Loud-Carey (3\u00ba).<br data-start=\"1577\" data-end=\"1580\" \/>Isabel Zamorano (5\u00ba) y Sof\u00eda Pe\u00f1a (6\u00ba) tambi\u00e9n destacaron en sus rutinas.<\/p>\n<\/li>\n<li data-start=\"1658\" data-end=\"1835\">\n<p data-start=\"1660\" data-end=\"1835\">Franja 2: Amaral Brice\u00f1o (1\u00ba en salto), Maite Escalona (2\u00ba en viga), Catalina Colihuinca (7\u00ba all around), Javiera Araneda (6\u00ba), Maite Jim\u00e9nez (5\u00ba) y Maite Escalona (2\u00ba).<\/p>\n<\/li>\n<li data-start=\"1836\" data-end=\"1943\">\n<p data-start=\"1838\" data-end=\"1943\">Categor\u00eda 2 Franja 1: Josefa Burgos (1\u00ba all around), Ayleen Altamirano (2\u00ba) y Trinidad Torres (3\u00ba).<\/p>\n<\/li>\n<li data-start=\"1944\" data-end=\"2052\">\n<p data-start=\"1946\" data-end=\"2052\">Categor\u00eda 2 Franja 2: Isabella Y\u00e1\u00f1ez (1\u00ba all around), Francisca Acu\u00f1a (2\u00ba) y Florencia Salinas (3\u00ba).<\/p>\n<\/li>\n<li data-start=\"2053\" data-end=\"2140\">\n<p data-start=\"2055\" data-end=\"2140\">Categor\u00eda 2 Franja 3: Antonella Mu\u00f1oz (1\u00ba all around) y Gabriela Valenzuela (2\u00ba).<\/p>\n<\/li>\n<\/ul>\n<p data-start=\"2142\" data-end=\"2329\">Gracias a la destacada participaci\u00f3n de todo el equipo, el Colegio San Ignacio se adjudic\u00f3 el primer lugar general en la divisi\u00f3n escolar, alzando la Copa de Campeones del evento.<\/p>\n<p data-start=\"2331\" data-end=\"2583\">Esta experiencia fue una valiosa oportunidad para que nuestras y nuestros gimnastas compartieran con deportistas de todo el pa\u00eds, reforzando la disciplina, el trabajo en equipo y la alegr\u00eda de representar al colegio con excelencia y esp\u00edritu ignaciano. <a href=\"https:\/\/photos.app.goo.gl\/sMhNiqRHSw1Fe7ic7\"><span style=\"color: #800000;\"><strong>Ver fotos<\/strong><\/span><\/a><\/p>\n","protected":false},"excerpt":{"rendered":"<p>El viernes 17 y s\u00e1bado 18 de octubre se realiz\u00f3 la Copa Kair\u00f3s \u201cEl momento oportuno\u201d de gimnasia art\u00edstica, encuentro desarrollado en el Gimnasio Municipal de Concepci\u00f3n, que reuni\u00f3 a cuatro colegios y cerca de veinte clubes provenientes de distintas regiones del pa\u00eds. Nuestro colegio particip\u00f3 con 18 gimnastas damas en pruebas de suelo, salto&hellip;<\/p>\n","protected":false},"author":1,"featured_media":10630,"comment_status":"closed","ping_status":"closed","sticky":false,"template":"","format":"standard","meta":[],"categories":[4],"tags":[],"_links":{"self":[{"href":"http:\/\/sanignacioconcepcion.cl\/sitio\/wp-json\/wp\/v2\/posts\/10629"}],"collection":[{"href":"http:\/\/sanignacioconcepcion.cl\/sitio\/wp-json\/wp\/v2\/posts"}],"about":[{"href":"http:\/\/sanignacioconcepcion.cl\/sitio\/wp-json\/wp\/v2\/types\/post"}],"author":[{"embeddable":true,"href":"http:\/\/sanignacioconcepcion.cl\/sitio\/wp-json\/wp\/v2\/users\/1"}],"replies":[{"embeddable":true,"href":"http:\/\/sanignacioconcepcion.cl\/sitio\/wp-json\/wp\/v2\/comments?post=10629"}],"version-history":[{"count":1,"href":"http:\/\/sanignacioconcepcion.cl\/sitio\/wp-json\/wp\/v2\/posts\/10629\/revisions"}],"predecessor-version":[{"id":10631,"href":"http:\/\/sanignacioconcepcion.cl\/sitio\/wp-json\/wp\/v2\/posts\/10629\/revisions\/10631"}],"wp:featuredmedia":[{"embeddable":true,"href":"http:\/\/sanignacioconcepcion.cl\/sitio\/wp-json\/wp\/v2\/media\/10630"}],"wp:attachment":[{"href":"http:\/\/sanignacioconcepcion.cl\/sitio\/wp-json\/wp\/v2\/media?parent=10629"}],"wp:term":[{"taxonomy":"category","embeddable":true,"href":"http:\/\/sanignacioconcepcion.cl\/sitio\/wp-json\/wp\/v2\/categories?post=10629"},{"taxonomy":"post_tag","embeddable":true,"href":"http:\/\/sanignacioconcepcion.cl\/sitio\/wp-json\/wp\/v2\/tags?post=10629"}],"curies":[{"name":"wp","href":"https:\/\/api.w.org\/{rel}","templated":true}]}}