{"id":10639,"date":"2025-10-22T16:16:57","date_gmt":"2025-10-22T19:16:57","guid":{"rendered":"https:\/\/sanignacioconcepcion.cl\/sitio\/?p=10639"},"modified":"2025-10-27T11:56:30","modified_gmt":"2025-10-27T14:56:30","slug":"4o-reunion-de-apoderados-2025","status":"publish","type":"post","link":"http:\/\/sanignacioconcepcion.cl\/sitio\/4o-reunion-de-apoderados-2025\/","title":{"rendered":"4\u00ba Reuni\u00f3n de  apoderados 2025"},"content":{"rendered":"<p data-start=\"238\" data-end=\"257\">Estimadas familias:<\/p>\n<p data-start=\"259\" data-end=\"388\">Informamos que la pr\u00f3xima semana se realizar\u00e1 la <strong data-start=\"308\" data-end=\"336\">4\u00aa Reuni\u00f3n de Apoderados<\/strong> de este a\u00f1o escolar, seg\u00fan el siguiente calendario:<\/p>\n<p data-start=\"390\" data-end=\"432\"><strong data-start=\"393\" data-end=\"430\">Martes 28 de octubre \u2013 19:00 hrs.<\/strong><\/p>\n<ul data-start=\"433\" data-end=\"632\">\n<li data-start=\"433\" data-end=\"533\">\n<p data-start=\"435\" data-end=\"533\"><strong data-start=\"435\" data-end=\"451\">Ciclo Loyola<\/strong> <em data-start=\"452\" data-end=\"531\">(excepto 1\u00b0 B\u00e1sico C, que tendr\u00e1 su reuni\u00f3n el mi\u00e9rcoles 29 a las 19:00 hrs.)<\/em><\/p>\n<\/li>\n<li data-start=\"534\" data-end=\"632\">\n<p data-start=\"536\" data-end=\"632\"><strong data-start=\"536\" data-end=\"550\">Ciclo Roma<\/strong> <em data-start=\"551\" data-end=\"630\">(excepto IV\u00b0 Medio B, que tendr\u00e1 su reuni\u00f3n el mi\u00e9rcoles 29 a las 19:00 hrs.\u00a0 Adem\u00e1s,\u00a0 el 1\u00ba medio C, 2\u00ba medio C y el 1\u00ba medio B tendr\u00e1n la reuni\u00f3n el martes 4 de noviembre a las 19:00 hrs.)<\/em><\/p>\n<\/li>\n<\/ul>\n<p data-start=\"634\" data-end=\"679\"><strong data-start=\"637\" data-end=\"677\">Mi\u00e9rcoles 29 de octubre \u2013 19:00 hrs.<\/strong><\/p>\n<ul data-start=\"680\" data-end=\"701\">\n<li data-start=\"680\" data-end=\"701\">\n<p data-start=\"682\" data-end=\"701\"><strong data-start=\"682\" data-end=\"699\">Ciclo Manresa <\/strong><em>(excepto 4\u00ba b\u00e1sico A y 6\u00ba b\u00e1sico B, que tendr\u00e1 su reuni\u00f3n el martes 4 de noviembre a las 19:00 hrs.)<\/em><\/p>\n<\/li>\n<\/ul>\n","protected":false},"excerpt":{"rendered":"<p>Estimadas familias: Informamos que la pr\u00f3xima semana se realizar\u00e1 la 4\u00aa Reuni\u00f3n de Apoderados de este a\u00f1o escolar, seg\u00fan el siguiente calendario: Martes 28 de octubre \u2013 19:00 hrs. Ciclo Loyola (excepto 1\u00b0 B\u00e1sico C, que tendr\u00e1 su reuni\u00f3n el mi\u00e9rcoles 29 a las 19:00 hrs.) Ciclo Roma (excepto IV\u00b0 Medio B, que tendr\u00e1 su&hellip;<\/p>\n","protected":false},"author":1,"featured_media":0,"comment_status":"closed","ping_status":"closed","sticky":false,"template":"","format":"standard","meta":[],"categories":[3],"tags":[],"_links":{"self":[{"href":"http:\/\/sanignacioconcepcion.cl\/sitio\/wp-json\/wp\/v2\/posts\/10639"}],"collection":[{"href":"http:\/\/sanignacioconcepcion.cl\/sitio\/wp-json\/wp\/v2\/posts"}],"about":[{"href":"http:\/\/sanignacioconcepcion.cl\/sitio\/wp-json\/wp\/v2\/types\/post"}],"author":[{"embeddable":true,"href":"http:\/\/sanignacioconcepcion.cl\/sitio\/wp-json\/wp\/v2\/users\/1"}],"replies":[{"embeddable":true,"href":"http:\/\/sanignacioconcepcion.cl\/sitio\/wp-json\/wp\/v2\/comments?post=10639"}],"version-history":[{"count":4,"href":"http:\/\/sanignacioconcepcion.cl\/sitio\/wp-json\/wp\/v2\/posts\/10639\/revisions"}],"predecessor-version":[{"id":10671,"href":"http:\/\/sanignacioconcepcion.cl\/sitio\/wp-json\/wp\/v2\/posts\/10639\/revisions\/10671"}],"wp:attachment":[{"href":"http:\/\/sanignacioconcepcion.cl\/sitio\/wp-json\/wp\/v2\/media?parent=10639"}],"wp:term":[{"taxonomy":"category","embeddable":true,"href":"http:\/\/sanignacioconcepcion.cl\/sitio\/wp-json\/wp\/v2\/categories?post=10639"},{"taxonomy":"post_tag","embeddable":true,"href":"http:\/\/sanignacioconcepcion.cl\/sitio\/wp-json\/wp\/v2\/tags?post=10639"}],"curies":[{"name":"wp","href":"https:\/\/api.w.org\/{rel}","templated":true}]}}