{"id":10641,"date":"2025-10-22T16:34:05","date_gmt":"2025-10-22T19:34:05","guid":{"rendered":"https:\/\/sanignacioconcepcion.cl\/sitio\/?p=10641"},"modified":"2025-10-22T16:34:05","modified_gmt":"2025-10-22T19:34:05","slug":"estudiantes-participaron-en-encuentro-nacional-de-jovenes-investigadores-humanistas","status":"publish","type":"post","link":"http:\/\/sanignacioconcepcion.cl\/sitio\/estudiantes-participaron-en-encuentro-nacional-de-jovenes-investigadores-humanistas\/","title":{"rendered":"Estudiantes participaron en Encuentro Nacional de J\u00f3venes Investigadores Humanistas"},"content":{"rendered":"<p data-start=\"318\" data-end=\"679\">Tres estudiantes de nuestro colegio participaron en el XXII Encuentro Nacional de J\u00f3venes Investigadores Humanistas, organizado por el Instituto Santa Mar\u00eda de Chill\u00e1n. El tema de este a\u00f1o fue: <em data-start=\"522\" data-end=\"677\">\u201cRealidades en movimiento, voces j\u00f3venes ante los desaf\u00edos locales y globales: investigar para transformar, pensar para habitar el futuro con esperanza\u201d.<\/em><\/p>\n<p data-start=\"681\" data-end=\"901\">Esta instancia re\u00fane a j\u00f3venes en un espacio de di\u00e1logo, reflexi\u00f3n y desarrollo del pensamiento cr\u00edtico, promoviendo una mirada humanista e interdisciplinaria frente a los desaf\u00edos del mundo actual.<\/p>\n<p data-start=\"903\" data-end=\"1216\">Nuestros estudiantes Iv\u00e1n Vera Terraza (IV\u00b0 Medio C), Victoria Araneda Jim\u00e9nez (IV\u00b0 Medio B) y Camila L\u00f3pez Alarc\u00f3n (IV\u00b0 Medio C) presentaron su investigaci\u00f3n titulada: \u201cLa v\u00eda f\u00e9rrea como frontera segregadora: el caso de San Pedro de la Paz\u201d, guiados por el profesor Felipe Mu\u00f1oz Montero.<\/p>\n<p data-start=\"1218\" data-end=\"1586\">El trabajo analiza las brechas socioecon\u00f3micas y educativas existentes entre dos unidades vecinales de la comuna de San Pedro de la Paz, separadas \u00fanicamente por la l\u00ednea f\u00e9rrea. A trav\u00e9s de un estudio comparativo, los j\u00f3venes evidenciaron c\u00f3mo esta infraestructura act\u00faa como una frontera f\u00edsica y simb\u00f3lica que refuerza la desigualdad entre ambos sectores.<\/p>\n<p data-start=\"1588\" data-end=\"1828\">Esta experiencia les permiti\u00f3 poner en pr\u00e1ctica la investigaci\u00f3n social con sentido cr\u00edtico y transformador, contribuyendo al di\u00e1logo sobre justicia, territorio y equidad, desde una mirada ignaciana comprometida con la realidad.<\/p>\n","protected":false},"excerpt":{"rendered":"<p>Tres estudiantes de nuestro colegio participaron en el XXII Encuentro Nacional de J\u00f3venes Investigadores Humanistas, organizado por el Instituto Santa Mar\u00eda de Chill\u00e1n. El tema de este a\u00f1o fue: \u201cRealidades en movimiento, voces j\u00f3venes ante los desaf\u00edos locales y globales: investigar para transformar, pensar para habitar el futuro con esperanza\u201d. Esta instancia re\u00fane a j\u00f3venes&hellip;<\/p>\n","protected":false},"author":1,"featured_media":10642,"comment_status":"closed","ping_status":"closed","sticky":false,"template":"","format":"standard","meta":[],"categories":[4],"tags":[],"_links":{"self":[{"href":"http:\/\/sanignacioconcepcion.cl\/sitio\/wp-json\/wp\/v2\/posts\/10641"}],"collection":[{"href":"http:\/\/sanignacioconcepcion.cl\/sitio\/wp-json\/wp\/v2\/posts"}],"about":[{"href":"http:\/\/sanignacioconcepcion.cl\/sitio\/wp-json\/wp\/v2\/types\/post"}],"author":[{"embeddable":true,"href":"http:\/\/sanignacioconcepcion.cl\/sitio\/wp-json\/wp\/v2\/users\/1"}],"replies":[{"embeddable":true,"href":"http:\/\/sanignacioconcepcion.cl\/sitio\/wp-json\/wp\/v2\/comments?post=10641"}],"version-history":[{"count":1,"href":"http:\/\/sanignacioconcepcion.cl\/sitio\/wp-json\/wp\/v2\/posts\/10641\/revisions"}],"predecessor-version":[{"id":10643,"href":"http:\/\/sanignacioconcepcion.cl\/sitio\/wp-json\/wp\/v2\/posts\/10641\/revisions\/10643"}],"wp:featuredmedia":[{"embeddable":true,"href":"http:\/\/sanignacioconcepcion.cl\/sitio\/wp-json\/wp\/v2\/media\/10642"}],"wp:attachment":[{"href":"http:\/\/sanignacioconcepcion.cl\/sitio\/wp-json\/wp\/v2\/media?parent=10641"}],"wp:term":[{"taxonomy":"category","embeddable":true,"href":"http:\/\/sanignacioconcepcion.cl\/sitio\/wp-json\/wp\/v2\/categories?post=10641"},{"taxonomy":"post_tag","embeddable":true,"href":"http:\/\/sanignacioconcepcion.cl\/sitio\/wp-json\/wp\/v2\/tags?post=10641"}],"curies":[{"name":"wp","href":"https:\/\/api.w.org\/{rel}","templated":true}]}}