{"id":10652,"date":"2025-10-23T16:41:49","date_gmt":"2025-10-23T19:41:49","guid":{"rendered":"https:\/\/sanignacioconcepcion.cl\/sitio\/?p=10652"},"modified":"2025-10-23T16:41:49","modified_gmt":"2025-10-23T19:41:49","slug":"recordatorio-actualizacion-en-el-valor-del-arancel-2025","status":"publish","type":"post","link":"http:\/\/sanignacioconcepcion.cl\/sitio\/recordatorio-actualizacion-en-el-valor-del-arancel-2025\/","title":{"rendered":"RECORDATORIO | actualizaci\u00f3n en el valor del arancel 2025"},"content":{"rendered":"<p data-start=\"112\" data-end=\"133\">Estimadas familias:<\/p>\n<p data-start=\"135\" data-end=\"316\">Les recordamos que se realiz\u00f3 una actualizaci\u00f3n en el valor del arancel correspondiente al a\u00f1o 2025, para aquellas familias que efectuaron el pago del 100% de la mensualidad.<\/p>\n<p data-start=\"318\" data-end=\"449\">El monto actualizado es de <strong data-start=\"345\" data-end=\"357\">$150.000<\/strong>, en reemplazo de los <strong data-start=\"379\" data-end=\"391\">$153.700<\/strong> informados previamente durante el proceso de matr\u00edcula.<\/p>\n<p data-start=\"451\" data-end=\"687\">Por ende, las familias que realizaron el pago mediante cheques deben acercarse al \u00e1rea de <strong data-start=\"556\" data-end=\"571\">Recaudaci\u00f3n<\/strong> para efectuar el cambio del <strong data-start=\"600\" data-end=\"647\">\u00faltimo cheque (correspondiente a diciembre)<\/strong> antes del proceso de matr\u00edculas 2026.<\/p>\n<p data-start=\"735\" data-end=\"806\">Atentamente,<br data-start=\"747\" data-end=\"750\" \/>Administraci\u00f3n<br data-start=\"768\" data-end=\"771\" \/>Colegio San Ignacio de Concepci\u00f3n<\/p>\n","protected":false},"excerpt":{"rendered":"<p>Estimadas familias: Les recordamos que se realiz\u00f3 una actualizaci\u00f3n en el valor del arancel correspondiente al a\u00f1o 2025, para aquellas familias que efectuaron el pago del 100% de la mensualidad. El monto actualizado es de $150.000, en reemplazo de los $153.700 informados previamente durante el proceso de matr\u00edcula. Por ende, las familias que realizaron el&hellip;<\/p>\n","protected":false},"author":1,"featured_media":0,"comment_status":"closed","ping_status":"closed","sticky":false,"template":"","format":"standard","meta":[],"categories":[3],"tags":[],"_links":{"self":[{"href":"http:\/\/sanignacioconcepcion.cl\/sitio\/wp-json\/wp\/v2\/posts\/10652"}],"collection":[{"href":"http:\/\/sanignacioconcepcion.cl\/sitio\/wp-json\/wp\/v2\/posts"}],"about":[{"href":"http:\/\/sanignacioconcepcion.cl\/sitio\/wp-json\/wp\/v2\/types\/post"}],"author":[{"embeddable":true,"href":"http:\/\/sanignacioconcepcion.cl\/sitio\/wp-json\/wp\/v2\/users\/1"}],"replies":[{"embeddable":true,"href":"http:\/\/sanignacioconcepcion.cl\/sitio\/wp-json\/wp\/v2\/comments?post=10652"}],"version-history":[{"count":1,"href":"http:\/\/sanignacioconcepcion.cl\/sitio\/wp-json\/wp\/v2\/posts\/10652\/revisions"}],"predecessor-version":[{"id":10653,"href":"http:\/\/sanignacioconcepcion.cl\/sitio\/wp-json\/wp\/v2\/posts\/10652\/revisions\/10653"}],"wp:attachment":[{"href":"http:\/\/sanignacioconcepcion.cl\/sitio\/wp-json\/wp\/v2\/media?parent=10652"}],"wp:term":[{"taxonomy":"category","embeddable":true,"href":"http:\/\/sanignacioconcepcion.cl\/sitio\/wp-json\/wp\/v2\/categories?post=10652"},{"taxonomy":"post_tag","embeddable":true,"href":"http:\/\/sanignacioconcepcion.cl\/sitio\/wp-json\/wp\/v2\/tags?post=10652"}],"curies":[{"name":"wp","href":"https:\/\/api.w.org\/{rel}","templated":true}]}}