{"id":10654,"date":"2025-10-24T15:09:19","date_gmt":"2025-10-24T18:09:19","guid":{"rendered":"https:\/\/sanignacioconcepcion.cl\/sitio\/?p=10654"},"modified":"2025-10-24T15:09:19","modified_gmt":"2025-10-24T18:09:19","slug":"semana-de-la-salud-mental-2025-una-comunidad-que-cuida-y-se-acompana","status":"publish","type":"post","link":"http:\/\/sanignacioconcepcion.cl\/sitio\/semana-de-la-salud-mental-2025-una-comunidad-que-cuida-y-se-acompana\/","title":{"rendered":"Semana de la Salud Mental 2025: una comunidad que cuida y se acompa\u00f1a"},"content":{"rendered":"<p data-start=\"352\" data-end=\"653\">Del 20 al 24 de octubre, nuestra comunidad educativa vivi\u00f3 la Semana de la Salud Mental 2025, una instancia dedicada a fortalecer el bienestar emocional y mental de los estudiantes, a trav\u00e9s de actividades educativas, recreativas y reflexivas desarrolladas en todos los ciclos del colegio.<\/p>\n<p data-start=\"655\" data-end=\"882\">El objetivo fue promover la comprensi\u00f3n de la salud mental como parte fundamental del desarrollo personal y comunitario, invitando a ni\u00f1as, ni\u00f1os y j\u00f3venes a identificar acciones concretas para cuidarse y acompa\u00f1ar a otros.<\/p>\n<p data-start=\"884\" data-end=\"1003\">Durante la semana se realizaron diversas actividades que fomentaron la participaci\u00f3n, el autoconocimiento y la empat\u00eda:<\/p>\n<ul data-start=\"1005\" data-end=\"2323\">\n<li data-start=\"1005\" data-end=\"1331\">\n<p data-start=\"1007\" data-end=\"1331\">Lunes 20: Se dio inicio a la jornada con una bienvenida especial y mensajes inspiradores que promovieron el cuidado de la salud mental. Adem\u00e1s, se instalaron paneles participativos con las preguntas: <em data-start=\"1211\" data-end=\"1237\">\u00bfQu\u00e9 es la salud mental?<\/em> y <em data-start=\"1240\" data-end=\"1273\">\u00bfQu\u00e9 haces para cuidar la tuya?<\/em> cuyas respuestas se compartieron con toda la comunidad.<\/p>\n<\/li>\n<li data-start=\"1332\" data-end=\"1636\">\n<p data-start=\"1334\" data-end=\"1636\">Martes 21: Los estudiantes de 5\u00ba a 7\u00ba b\u00e1sico participaron en la actividad <em data-start=\"1416\" data-end=\"1462\">\u201cDescubrir y hacer crecer nuestros talentos\u201d<\/em>, inspirada en la par\u00e1bola de los talentos y en las inteligencias m\u00faltiples, recordando que todos tenemos dones \u00fanicos que Dios nos invita a poner al servicio de los dem\u00e1s.<\/p>\n<\/li>\n<li data-start=\"1637\" data-end=\"1895\">\n<p data-start=\"1639\" data-end=\"1895\">Mi\u00e9rcoles 22: Los cursos de 1\u00ba a 4\u00ba b\u00e1sico disfrutaron de una Feria Sensorial, donde a trav\u00e9s de distintas experiencias sensoriales aprendieron a conectar con el presente y reconocer c\u00f3mo los sentidos ayudan a reducir el estr\u00e9s y la ansiedad.<\/p>\n<\/li>\n<li data-start=\"1896\" data-end=\"2114\">\n<p data-start=\"1898\" data-end=\"2114\">Jueves 23: Estudiantes de IV\u00b0 Medio guiaron juegos y espacios de reflexi\u00f3n con prek\u00ednder y k\u00ednder, promoviendo el encuentro intergeneracional y la importancia del acompa\u00f1amiento en el cuidado emocional.<\/p>\n<\/li>\n<li data-start=\"2115\" data-end=\"2323\">\n<p data-start=\"2117\" data-end=\"2323\">Viernes 24: Para cerrar la semana, los cursos de 8\u00ba b\u00e1sico a IV\u00b0 Medio participaron en juegos de sal\u00f3n durante los recreos, promoviendo formas de convivencia m\u00e1s all\u00e1 de lo digital y deportivas.<\/p>\n<\/li>\n<\/ul>\n<p data-start=\"2325\" data-end=\"2502\">A lo largo de la semana se vivieron momentos de alegr\u00eda, encuentro y reflexi\u00f3n, donde cada ciclo pudo experimentar que cuidar la salud mental tambi\u00e9n es construir comunidad.<\/p>\n<p data-start=\"2504\" data-end=\"2721\">\u00a0En el Colegio San Ignacio de Concepci\u00f3n seguimos promoviendo espacios de di\u00e1logo, expresi\u00f3n y bienestar integral, reafirmando nuestro compromiso con la formaci\u00f3n de personas conscientes, compasivas y comprometidas.<\/p>\n","protected":false},"excerpt":{"rendered":"<p>Del 20 al 24 de octubre, nuestra comunidad educativa vivi\u00f3 la Semana de la Salud Mental 2025, una instancia dedicada a fortalecer el bienestar emocional y mental de los estudiantes, a trav\u00e9s de actividades educativas, recreativas y reflexivas desarrolladas en todos los ciclos del colegio. El objetivo fue promover la comprensi\u00f3n de la salud mental&hellip;<\/p>\n","protected":false},"author":1,"featured_media":10655,"comment_status":"closed","ping_status":"closed","sticky":false,"template":"","format":"standard","meta":[],"categories":[4],"tags":[],"_links":{"self":[{"href":"http:\/\/sanignacioconcepcion.cl\/sitio\/wp-json\/wp\/v2\/posts\/10654"}],"collection":[{"href":"http:\/\/sanignacioconcepcion.cl\/sitio\/wp-json\/wp\/v2\/posts"}],"about":[{"href":"http:\/\/sanignacioconcepcion.cl\/sitio\/wp-json\/wp\/v2\/types\/post"}],"author":[{"embeddable":true,"href":"http:\/\/sanignacioconcepcion.cl\/sitio\/wp-json\/wp\/v2\/users\/1"}],"replies":[{"embeddable":true,"href":"http:\/\/sanignacioconcepcion.cl\/sitio\/wp-json\/wp\/v2\/comments?post=10654"}],"version-history":[{"count":1,"href":"http:\/\/sanignacioconcepcion.cl\/sitio\/wp-json\/wp\/v2\/posts\/10654\/revisions"}],"predecessor-version":[{"id":10656,"href":"http:\/\/sanignacioconcepcion.cl\/sitio\/wp-json\/wp\/v2\/posts\/10654\/revisions\/10656"}],"wp:featuredmedia":[{"embeddable":true,"href":"http:\/\/sanignacioconcepcion.cl\/sitio\/wp-json\/wp\/v2\/media\/10655"}],"wp:attachment":[{"href":"http:\/\/sanignacioconcepcion.cl\/sitio\/wp-json\/wp\/v2\/media?parent=10654"}],"wp:term":[{"taxonomy":"category","embeddable":true,"href":"http:\/\/sanignacioconcepcion.cl\/sitio\/wp-json\/wp\/v2\/categories?post=10654"},{"taxonomy":"post_tag","embeddable":true,"href":"http:\/\/sanignacioconcepcion.cl\/sitio\/wp-json\/wp\/v2\/tags?post=10654"}],"curies":[{"name":"wp","href":"https:\/\/api.w.org\/{rel}","templated":true}]}}