{"id":10658,"date":"2025-10-24T15:17:40","date_gmt":"2025-10-24T18:17:40","guid":{"rendered":"https:\/\/sanignacioconcepcion.cl\/sitio\/?p=10658"},"modified":"2025-10-24T15:18:02","modified_gmt":"2025-10-24T18:18:02","slug":"celebramos-el-dia-de-las-bibliotecas-escolares-cra","status":"publish","type":"post","link":"http:\/\/sanignacioconcepcion.cl\/sitio\/celebramos-el-dia-de-las-bibliotecas-escolares-cra\/","title":{"rendered":"Celebramos el D\u00eda de las Bibliotecas Escolares CRA"},"content":{"rendered":"<p data-start=\"274\" data-end=\"522\">El jueves 23 de octubre, nuestro colegio celebr\u00f3 el D\u00eda de las Bibliotecas Escolares CRA, una fecha que invita a reconocer el importante rol que cumplen estos espacios en la formaci\u00f3n de estudiantes curiosos, creativos y lectores activos.<\/p>\n<p data-start=\"524\" data-end=\"918\">Durante toda la semana se realizaron distintas actividades preparadas por el equipo CRA, que buscaron acercar a los ni\u00f1os, ni\u00f1as y j\u00f3venes al mundo de la lectura de una manera l\u00fadica y participativa. Hubo decoraci\u00f3n de espacios, mensajes inspiradores, reflexiones, dibujos y la\u00a0 din\u00e1mica \u201cCita a ciegas con un libro\u201d, que permiti\u00f3 descubrir nuevas historias de forma divertida.<\/p>\n<p data-start=\"920\" data-end=\"1223\">La celebraci\u00f3n culmin\u00f3 el viernes 24 con la premiaci\u00f3n a los lectores destacados de cada ciclo, reconociendo el compromiso y entusiasmo por la lectura de:<\/p>\n<ul>\n<li data-start=\"920\" data-end=\"1223\">Mar\u00eda Magdalena Infante (2\u00b0B)\u00a0 Ciclo Loyola<\/li>\n<li data-start=\"920\" data-end=\"1223\">Mat\u00edas Milla (6\u00b0C) \u2013Ciclo Manresa<\/li>\n<li data-start=\"920\" data-end=\"1223\">Dami\u00e1n Nova (II\u00b0B)\u00a0 Ciclo Roma<\/li>\n<\/ul>\n<p data-start=\"1225\" data-end=\"1440\">De esta manera, continuamos promoviendo espacios que fortalecen el amor por la lectura, la creatividad y el aprendizaje, pilares fundamentales en la formaci\u00f3n integral de nuestros estudiantes.<\/p>\n","protected":false},"excerpt":{"rendered":"<p>El jueves 23 de octubre, nuestro colegio celebr\u00f3 el D\u00eda de las Bibliotecas Escolares CRA, una fecha que invita a reconocer el importante rol que cumplen estos espacios en la formaci\u00f3n de estudiantes curiosos, creativos y lectores activos. Durante toda la semana se realizaron distintas actividades preparadas por el equipo CRA, que buscaron acercar a&hellip;<\/p>\n","protected":false},"author":1,"featured_media":10659,"comment_status":"closed","ping_status":"closed","sticky":false,"template":"","format":"standard","meta":[],"categories":[4],"tags":[],"_links":{"self":[{"href":"http:\/\/sanignacioconcepcion.cl\/sitio\/wp-json\/wp\/v2\/posts\/10658"}],"collection":[{"href":"http:\/\/sanignacioconcepcion.cl\/sitio\/wp-json\/wp\/v2\/posts"}],"about":[{"href":"http:\/\/sanignacioconcepcion.cl\/sitio\/wp-json\/wp\/v2\/types\/post"}],"author":[{"embeddable":true,"href":"http:\/\/sanignacioconcepcion.cl\/sitio\/wp-json\/wp\/v2\/users\/1"}],"replies":[{"embeddable":true,"href":"http:\/\/sanignacioconcepcion.cl\/sitio\/wp-json\/wp\/v2\/comments?post=10658"}],"version-history":[{"count":2,"href":"http:\/\/sanignacioconcepcion.cl\/sitio\/wp-json\/wp\/v2\/posts\/10658\/revisions"}],"predecessor-version":[{"id":10661,"href":"http:\/\/sanignacioconcepcion.cl\/sitio\/wp-json\/wp\/v2\/posts\/10658\/revisions\/10661"}],"wp:featuredmedia":[{"embeddable":true,"href":"http:\/\/sanignacioconcepcion.cl\/sitio\/wp-json\/wp\/v2\/media\/10659"}],"wp:attachment":[{"href":"http:\/\/sanignacioconcepcion.cl\/sitio\/wp-json\/wp\/v2\/media?parent=10658"}],"wp:term":[{"taxonomy":"category","embeddable":true,"href":"http:\/\/sanignacioconcepcion.cl\/sitio\/wp-json\/wp\/v2\/categories?post=10658"},{"taxonomy":"post_tag","embeddable":true,"href":"http:\/\/sanignacioconcepcion.cl\/sitio\/wp-json\/wp\/v2\/tags?post=10658"}],"curies":[{"name":"wp","href":"https:\/\/api.w.org\/{rel}","templated":true}]}}