{"id":10662,"date":"2025-10-24T15:24:05","date_gmt":"2025-10-24T18:24:05","guid":{"rendered":"https:\/\/sanignacioconcepcion.cl\/sitio\/?p=10662"},"modified":"2025-10-24T15:24:05","modified_gmt":"2025-10-24T18:24:05","slug":"generacion-2025-entrega-regalos-de-despedida-al-colegio","status":"publish","type":"post","link":"http:\/\/sanignacioconcepcion.cl\/sitio\/generacion-2025-entrega-regalos-de-despedida-al-colegio\/","title":{"rendered":"Generaci\u00f3n 2025 entrega regalos de despedida al colegio"},"content":{"rendered":"<p data-start=\"264\" data-end=\"510\">La tarde del jueves 23 de octubre, tres apoderadas, en representaci\u00f3n de la Generaci\u00f3n 2025, realizaron una significativa entrega de regalos al colegio, en nombre de los estudiantes de IV\u00b0 Medio, como muestra de agradecimiento y cari\u00f1o al culminar su etapa escolar.<\/p>\n<p data-start=\"512\" data-end=\"763\">Los obsequios consistieron en una cocinilla para el \u00e1rea de Pastoral y un teclado para el Departamento de M\u00fasica, donaciones que ser\u00e1n de gran utilidad en las distintas actividades formativas y comunitarias que se desarrollan durante el a\u00f1o.<\/p>\n<p data-start=\"765\" data-end=\"974\">El colegio agradece profundamente este gesto a la Generaci\u00f3n 2025 y a sus familias, quienes con generosidad y esp\u00edritu de servicio contin\u00faan aportando a la vida del Colegio San Ignacio de Concepci\u00f3n.<\/p>\n","protected":false},"excerpt":{"rendered":"<p>La tarde del jueves 23 de octubre, tres apoderadas, en representaci\u00f3n de la Generaci\u00f3n 2025, realizaron una significativa entrega de regalos al colegio, en nombre de los estudiantes de IV\u00b0 Medio, como muestra de agradecimiento y cari\u00f1o al culminar su etapa escolar. Los obsequios consistieron en una cocinilla para el \u00e1rea de Pastoral y un&hellip;<\/p>\n","protected":false},"author":1,"featured_media":10663,"comment_status":"closed","ping_status":"closed","sticky":false,"template":"","format":"standard","meta":[],"categories":[4],"tags":[],"_links":{"self":[{"href":"http:\/\/sanignacioconcepcion.cl\/sitio\/wp-json\/wp\/v2\/posts\/10662"}],"collection":[{"href":"http:\/\/sanignacioconcepcion.cl\/sitio\/wp-json\/wp\/v2\/posts"}],"about":[{"href":"http:\/\/sanignacioconcepcion.cl\/sitio\/wp-json\/wp\/v2\/types\/post"}],"author":[{"embeddable":true,"href":"http:\/\/sanignacioconcepcion.cl\/sitio\/wp-json\/wp\/v2\/users\/1"}],"replies":[{"embeddable":true,"href":"http:\/\/sanignacioconcepcion.cl\/sitio\/wp-json\/wp\/v2\/comments?post=10662"}],"version-history":[{"count":1,"href":"http:\/\/sanignacioconcepcion.cl\/sitio\/wp-json\/wp\/v2\/posts\/10662\/revisions"}],"predecessor-version":[{"id":10664,"href":"http:\/\/sanignacioconcepcion.cl\/sitio\/wp-json\/wp\/v2\/posts\/10662\/revisions\/10664"}],"wp:featuredmedia":[{"embeddable":true,"href":"http:\/\/sanignacioconcepcion.cl\/sitio\/wp-json\/wp\/v2\/media\/10663"}],"wp:attachment":[{"href":"http:\/\/sanignacioconcepcion.cl\/sitio\/wp-json\/wp\/v2\/media?parent=10662"}],"wp:term":[{"taxonomy":"category","embeddable":true,"href":"http:\/\/sanignacioconcepcion.cl\/sitio\/wp-json\/wp\/v2\/categories?post=10662"},{"taxonomy":"post_tag","embeddable":true,"href":"http:\/\/sanignacioconcepcion.cl\/sitio\/wp-json\/wp\/v2\/tags?post=10662"}],"curies":[{"name":"wp","href":"https:\/\/api.w.org\/{rel}","templated":true}]}}