{"id":10667,"date":"2025-10-27T11:18:37","date_gmt":"2025-10-27T14:18:37","guid":{"rendered":"https:\/\/sanignacioconcepcion.cl\/sitio\/?p=10667"},"modified":"2025-10-27T11:18:37","modified_gmt":"2025-10-27T14:18:37","slug":"cierre-del-mes-de-la-familia-con-misa-en-el-parque-jorge-alessandri","status":"publish","type":"post","link":"http:\/\/sanignacioconcepcion.cl\/sitio\/cierre-del-mes-de-la-familia-con-misa-en-el-parque-jorge-alessandri\/","title":{"rendered":"Cierre del Mes de la Familia con Misa en el Parque Jorge Alessandri"},"content":{"rendered":"<p data-start=\"214\" data-end=\"458\">El domingo 26 de octubre, nuestra comunidad educativa se reuni\u00f3 para celebrar la Misa de cierre del Mes de la Familia, una instancia que nos invit\u00f3 a agradecer por la vida compartida y fortalecer los lazos que nos unen como familias ignacianas.<\/p>\n<p data-start=\"460\" data-end=\"681\">La celebraci\u00f3n se realiz\u00f3 en el Parque Jorge Alessandri, un entorno natural que permiti\u00f3 vivir la fe en comunidad y disfrutar de un momento de encuentro, reflexi\u00f3n y alegr\u00eda junto a estudiantes, educadores y apoderados.<\/p>\n<p data-start=\"1011\" data-end=\"1242\">El Colegio San Ignacio de Concepci\u00f3n agradece a quienes hicieron posible esta significativa jornada y reafirma su compromiso con el acompa\u00f1amiento y fortalecimiento de las familias, n\u00facleo esencial de nuestra comunidad educativa.<\/p>\n<p data-start=\"1244\" data-end=\"1361\">\n","protected":false},"excerpt":{"rendered":"<p>El domingo 26 de octubre, nuestra comunidad educativa se reuni\u00f3 para celebrar la Misa de cierre del Mes de la Familia, una instancia que nos invit\u00f3 a agradecer por la vida compartida y fortalecer los lazos que nos unen como familias ignacianas. La celebraci\u00f3n se realiz\u00f3 en el Parque Jorge Alessandri, un entorno natural que&hellip;<\/p>\n","protected":false},"author":1,"featured_media":10668,"comment_status":"closed","ping_status":"closed","sticky":false,"template":"","format":"standard","meta":[],"categories":[4],"tags":[],"_links":{"self":[{"href":"http:\/\/sanignacioconcepcion.cl\/sitio\/wp-json\/wp\/v2\/posts\/10667"}],"collection":[{"href":"http:\/\/sanignacioconcepcion.cl\/sitio\/wp-json\/wp\/v2\/posts"}],"about":[{"href":"http:\/\/sanignacioconcepcion.cl\/sitio\/wp-json\/wp\/v2\/types\/post"}],"author":[{"embeddable":true,"href":"http:\/\/sanignacioconcepcion.cl\/sitio\/wp-json\/wp\/v2\/users\/1"}],"replies":[{"embeddable":true,"href":"http:\/\/sanignacioconcepcion.cl\/sitio\/wp-json\/wp\/v2\/comments?post=10667"}],"version-history":[{"count":1,"href":"http:\/\/sanignacioconcepcion.cl\/sitio\/wp-json\/wp\/v2\/posts\/10667\/revisions"}],"predecessor-version":[{"id":10669,"href":"http:\/\/sanignacioconcepcion.cl\/sitio\/wp-json\/wp\/v2\/posts\/10667\/revisions\/10669"}],"wp:featuredmedia":[{"embeddable":true,"href":"http:\/\/sanignacioconcepcion.cl\/sitio\/wp-json\/wp\/v2\/media\/10668"}],"wp:attachment":[{"href":"http:\/\/sanignacioconcepcion.cl\/sitio\/wp-json\/wp\/v2\/media?parent=10667"}],"wp:term":[{"taxonomy":"category","embeddable":true,"href":"http:\/\/sanignacioconcepcion.cl\/sitio\/wp-json\/wp\/v2\/categories?post=10667"},{"taxonomy":"post_tag","embeddable":true,"href":"http:\/\/sanignacioconcepcion.cl\/sitio\/wp-json\/wp\/v2\/tags?post=10667"}],"curies":[{"name":"wp","href":"https:\/\/api.w.org\/{rel}","templated":true}]}}