{"id":10675,"date":"2025-10-28T14:56:18","date_gmt":"2025-10-28T17:56:18","guid":{"rendered":"https:\/\/sanignacioconcepcion.cl\/sitio\/?p=10675"},"modified":"2025-10-28T14:56:18","modified_gmt":"2025-10-28T17:56:18","slug":"gimnastas-se-coronan-campeonas-en-la-ultima-competencia-adicpa","status":"publish","type":"post","link":"http:\/\/sanignacioconcepcion.cl\/sitio\/gimnastas-se-coronan-campeonas-en-la-ultima-competencia-adicpa\/","title":{"rendered":"Gimnastas se coronan campeonas en la \u00faltima competencia ADICPA"},"content":{"rendered":"<p data-start=\"141\" data-end=\"324\">El s\u00e1bado 25 de octubre se realiz\u00f3 la \u00faltima competencia del a\u00f1o organizada por ADICPA, instancia que reuni\u00f3 a diversos colegios de la zona en torno a la gimnasia art\u00edstica escolar.<\/p>\n<p data-start=\"326\" data-end=\"491\">Nuestro colegio particip\u00f3 con el equipo categor\u00eda Mini y una representante en Categor\u00eda Infantil, quienes demostraron un gran nivel y compromiso deportivo.<\/p>\n<p data-start=\"493\" data-end=\"701\">En la Categor\u00eda Mini, las gimnastas Simone Sandoval, Paulina Garrido y Adara Villegas tuvieron una destacada actuaci\u00f3n, obteniendo el 1\u00b0 lugar por equipos entre los nueve colegios participantes.<\/p>\n<p data-start=\"703\" data-end=\"901\">Por su parte, en la Categor\u00eda Infantil, la alumna Javiera Lagos logr\u00f3 el 2\u00b0 lugar en viga y el 3\u00b0 lugar en salto, reafirmando el talento y la perseverancia de nuestras deportistas.<\/p>\n<p data-start=\"903\" data-end=\"1040\">\n","protected":false},"excerpt":{"rendered":"<p>El s\u00e1bado 25 de octubre se realiz\u00f3 la \u00faltima competencia del a\u00f1o organizada por ADICPA, instancia que reuni\u00f3 a diversos colegios de la zona en torno a la gimnasia art\u00edstica escolar. Nuestro colegio particip\u00f3 con el equipo categor\u00eda Mini y una representante en Categor\u00eda Infantil, quienes demostraron un gran nivel y compromiso deportivo. En la&hellip;<\/p>\n","protected":false},"author":1,"featured_media":10676,"comment_status":"closed","ping_status":"closed","sticky":false,"template":"","format":"standard","meta":[],"categories":[4],"tags":[],"_links":{"self":[{"href":"http:\/\/sanignacioconcepcion.cl\/sitio\/wp-json\/wp\/v2\/posts\/10675"}],"collection":[{"href":"http:\/\/sanignacioconcepcion.cl\/sitio\/wp-json\/wp\/v2\/posts"}],"about":[{"href":"http:\/\/sanignacioconcepcion.cl\/sitio\/wp-json\/wp\/v2\/types\/post"}],"author":[{"embeddable":true,"href":"http:\/\/sanignacioconcepcion.cl\/sitio\/wp-json\/wp\/v2\/users\/1"}],"replies":[{"embeddable":true,"href":"http:\/\/sanignacioconcepcion.cl\/sitio\/wp-json\/wp\/v2\/comments?post=10675"}],"version-history":[{"count":1,"href":"http:\/\/sanignacioconcepcion.cl\/sitio\/wp-json\/wp\/v2\/posts\/10675\/revisions"}],"predecessor-version":[{"id":10677,"href":"http:\/\/sanignacioconcepcion.cl\/sitio\/wp-json\/wp\/v2\/posts\/10675\/revisions\/10677"}],"wp:featuredmedia":[{"embeddable":true,"href":"http:\/\/sanignacioconcepcion.cl\/sitio\/wp-json\/wp\/v2\/media\/10676"}],"wp:attachment":[{"href":"http:\/\/sanignacioconcepcion.cl\/sitio\/wp-json\/wp\/v2\/media?parent=10675"}],"wp:term":[{"taxonomy":"category","embeddable":true,"href":"http:\/\/sanignacioconcepcion.cl\/sitio\/wp-json\/wp\/v2\/categories?post=10675"},{"taxonomy":"post_tag","embeddable":true,"href":"http:\/\/sanignacioconcepcion.cl\/sitio\/wp-json\/wp\/v2\/tags?post=10675"}],"curies":[{"name":"wp","href":"https:\/\/api.w.org\/{rel}","templated":true}]}}