{"id":10678,"date":"2025-10-28T15:00:16","date_gmt":"2025-10-28T18:00:16","guid":{"rendered":"https:\/\/sanignacioconcepcion.cl\/sitio\/?p=10678"},"modified":"2025-10-28T15:00:16","modified_gmt":"2025-10-28T18:00:16","slug":"ninos-y-ninas-de-kinder-visitan-a-las-carmelitas-y-reciben-sus-escapularios","status":"publish","type":"post","link":"http:\/\/sanignacioconcepcion.cl\/sitio\/ninos-y-ninas-de-kinder-visitan-a-las-carmelitas-y-reciben-sus-escapularios\/","title":{"rendered":"Ni\u00f1os y ni\u00f1as de Kinder visitan a las Carmelitas y reciben sus escapularios"},"content":{"rendered":"<p data-start=\"134\" data-end=\"361\">Este martes 28 de octubre, los tres cursos de Kinder de nuestro colegio realizaron una hermosa visita al Monasterio de las Carmelitas Descalzas, en una actividad organizada por el \u00c1rea de Pastoral y Formaci\u00f3n.<\/p>\n<p data-start=\"363\" data-end=\"619\">Durante la jornada, los ni\u00f1os y ni\u00f1as compartieron un momento de oraci\u00f3n, conocieron m\u00e1s sobre la vida contemplativa de las hermanas carmelitas y recibieron con mucha alegr\u00eda sus escapularios, s\u00edmbolo del amor y la protecci\u00f3n de la Virgen del Carmen.<\/p>\n<p data-start=\"621\" data-end=\"761\">Fue una experiencia significativa que permiti\u00f3 acercar a los m\u00e1s peque\u00f1os a la fe, en un ambiente de sencillez, espiritualidad y gratitud.<\/p>\n<p data-start=\"763\" data-end=\"891\">\n","protected":false},"excerpt":{"rendered":"<p>Este martes 28 de octubre, los tres cursos de Kinder de nuestro colegio realizaron una hermosa visita al Monasterio de las Carmelitas Descalzas, en una actividad organizada por el \u00c1rea de Pastoral y Formaci\u00f3n. Durante la jornada, los ni\u00f1os y ni\u00f1as compartieron un momento de oraci\u00f3n, conocieron m\u00e1s sobre la vida contemplativa de las hermanas&hellip;<\/p>\n","protected":false},"author":1,"featured_media":10679,"comment_status":"closed","ping_status":"closed","sticky":false,"template":"","format":"standard","meta":[],"categories":[4],"tags":[],"_links":{"self":[{"href":"http:\/\/sanignacioconcepcion.cl\/sitio\/wp-json\/wp\/v2\/posts\/10678"}],"collection":[{"href":"http:\/\/sanignacioconcepcion.cl\/sitio\/wp-json\/wp\/v2\/posts"}],"about":[{"href":"http:\/\/sanignacioconcepcion.cl\/sitio\/wp-json\/wp\/v2\/types\/post"}],"author":[{"embeddable":true,"href":"http:\/\/sanignacioconcepcion.cl\/sitio\/wp-json\/wp\/v2\/users\/1"}],"replies":[{"embeddable":true,"href":"http:\/\/sanignacioconcepcion.cl\/sitio\/wp-json\/wp\/v2\/comments?post=10678"}],"version-history":[{"count":1,"href":"http:\/\/sanignacioconcepcion.cl\/sitio\/wp-json\/wp\/v2\/posts\/10678\/revisions"}],"predecessor-version":[{"id":10680,"href":"http:\/\/sanignacioconcepcion.cl\/sitio\/wp-json\/wp\/v2\/posts\/10678\/revisions\/10680"}],"wp:featuredmedia":[{"embeddable":true,"href":"http:\/\/sanignacioconcepcion.cl\/sitio\/wp-json\/wp\/v2\/media\/10679"}],"wp:attachment":[{"href":"http:\/\/sanignacioconcepcion.cl\/sitio\/wp-json\/wp\/v2\/media?parent=10678"}],"wp:term":[{"taxonomy":"category","embeddable":true,"href":"http:\/\/sanignacioconcepcion.cl\/sitio\/wp-json\/wp\/v2\/categories?post=10678"},{"taxonomy":"post_tag","embeddable":true,"href":"http:\/\/sanignacioconcepcion.cl\/sitio\/wp-json\/wp\/v2\/tags?post=10678"}],"curies":[{"name":"wp","href":"https:\/\/api.w.org\/{rel}","templated":true}]}}