{"id":10685,"date":"2025-11-03T12:35:11","date_gmt":"2025-11-03T15:35:11","guid":{"rendered":"https:\/\/sanignacioconcepcion.cl\/sitio\/?p=10685"},"modified":"2025-11-03T12:35:11","modified_gmt":"2025-11-03T15:35:11","slug":"jornada-anual-de-directores-y-capellanes-de-los-colegios-jesuitas","status":"publish","type":"post","link":"http:\/\/sanignacioconcepcion.cl\/sitio\/jornada-anual-de-directores-y-capellanes-de-los-colegios-jesuitas\/","title":{"rendered":"Jornada Anual de Directores y Capellanes de los Colegios Jesuitas"},"content":{"rendered":"<p data-start=\"139\" data-end=\"420\">Los d\u00edas mi\u00e9rcoles 29 y jueves 30 de octubre se realiz\u00f3 la Jornada Anual de Directores y Capellanes de los Colegios Jesuitas en Concepci\u00f3n, instancia para reflexionar y proyectar el quehacer educativo desde la espiritualidad ignaciana.<\/p>\n<p data-start=\"422\" data-end=\"720\">Durante el encuentro se trabaj\u00f3 en torno a dos ejes centrales: cuidar la misi\u00f3n y fortalecer la institucionalidad y el marco curricular ignaciano en acci\u00f3n, temas que buscan seguir profundizando en la identidad com\u00fan y en el compromiso con una educaci\u00f3n integral al servicio de los dem\u00e1s.<\/p>\n","protected":false},"excerpt":{"rendered":"<p>Los d\u00edas mi\u00e9rcoles 29 y jueves 30 de octubre se realiz\u00f3 la Jornada Anual de Directores y Capellanes de los Colegios Jesuitas en Concepci\u00f3n, instancia para reflexionar y proyectar el quehacer educativo desde la espiritualidad ignaciana. Durante el encuentro se trabaj\u00f3 en torno a dos ejes centrales: cuidar la misi\u00f3n y fortalecer la institucionalidad y&hellip;<\/p>\n","protected":false},"author":1,"featured_media":10686,"comment_status":"closed","ping_status":"closed","sticky":false,"template":"","format":"standard","meta":[],"categories":[4],"tags":[],"_links":{"self":[{"href":"http:\/\/sanignacioconcepcion.cl\/sitio\/wp-json\/wp\/v2\/posts\/10685"}],"collection":[{"href":"http:\/\/sanignacioconcepcion.cl\/sitio\/wp-json\/wp\/v2\/posts"}],"about":[{"href":"http:\/\/sanignacioconcepcion.cl\/sitio\/wp-json\/wp\/v2\/types\/post"}],"author":[{"embeddable":true,"href":"http:\/\/sanignacioconcepcion.cl\/sitio\/wp-json\/wp\/v2\/users\/1"}],"replies":[{"embeddable":true,"href":"http:\/\/sanignacioconcepcion.cl\/sitio\/wp-json\/wp\/v2\/comments?post=10685"}],"version-history":[{"count":1,"href":"http:\/\/sanignacioconcepcion.cl\/sitio\/wp-json\/wp\/v2\/posts\/10685\/revisions"}],"predecessor-version":[{"id":10687,"href":"http:\/\/sanignacioconcepcion.cl\/sitio\/wp-json\/wp\/v2\/posts\/10685\/revisions\/10687"}],"wp:featuredmedia":[{"embeddable":true,"href":"http:\/\/sanignacioconcepcion.cl\/sitio\/wp-json\/wp\/v2\/media\/10686"}],"wp:attachment":[{"href":"http:\/\/sanignacioconcepcion.cl\/sitio\/wp-json\/wp\/v2\/media?parent=10685"}],"wp:term":[{"taxonomy":"category","embeddable":true,"href":"http:\/\/sanignacioconcepcion.cl\/sitio\/wp-json\/wp\/v2\/categories?post=10685"},{"taxonomy":"post_tag","embeddable":true,"href":"http:\/\/sanignacioconcepcion.cl\/sitio\/wp-json\/wp\/v2\/tags?post=10685"}],"curies":[{"name":"wp","href":"https:\/\/api.w.org\/{rel}","templated":true}]}}