{"id":10690,"date":"2025-11-07T14:51:58","date_gmt":"2025-11-07T17:51:58","guid":{"rendered":"https:\/\/sanignacioconcepcion.cl\/sitio\/?p=10690"},"modified":"2025-11-07T14:51:58","modified_gmt":"2025-11-07T17:51:58","slug":"apoderados-de-iv-medios-acompanan-a-sus-hijos-en-el-cierre-de-etapa-escolar","status":"publish","type":"post","link":"http:\/\/sanignacioconcepcion.cl\/sitio\/apoderados-de-iv-medios-acompanan-a-sus-hijos-en-el-cierre-de-etapa-escolar\/","title":{"rendered":"Apoderados de IV\u00b0 Medios acompa\u00f1an a sus hijos en el cierre de etapa escolar"},"content":{"rendered":"<p data-start=\"354\" data-end=\"687\">Este viernes 7 de noviembre se vivi\u00f3 una jornada especialmente significativa para nuestra comunidad educativa.<\/p>\n<p data-start=\"354\" data-end=\"687\">Los apoderados de los IV\u00b0 Medios acompa\u00f1aron a sus hijos e hijas a la sala por \u00faltima vez, en un momento sencillo y profundamente simb\u00f3lico que marc\u00f3 el cierre de su etapa escolar en el Colegio San Ignacio de Concepci\u00f3n.<\/p>\n<p data-start=\"689\" data-end=\"1083\">Tras este emotivo ingreso, el Centro de Padres y Apoderados (CPA) organiz\u00f3 un desayuno dedicado especialmente a las familias, como una instancia para compartir, agradecer y mirar con cari\u00f1o el camino recorrido durante estos a\u00f1os.<\/p>\n<p data-start=\"689\" data-end=\"1083\">Entre conversaciones, fotograf\u00edas y gestos de afecto, se hicieron presentes los recuerdos, el orgullo y la emoci\u00f3n de acompa\u00f1ar a sus hijos en este importante hito.<\/p>\n<p data-start=\"1085\" data-end=\"1255\">Este encuentro permiti\u00f3 valorar no solo el trabajo formativo del colegio, sino tambi\u00e9n la comunidad que se ha tejido entre estudiantes, apoderados y educadores. <a href=\"https:\/\/photos.app.goo.gl\/qwrH54SJE9KYLJCS7\"><span style=\"color: #800000;\"><strong>Ver fotos<\/strong><\/span><\/a><\/p>\n","protected":false},"excerpt":{"rendered":"<p>Este viernes 7 de noviembre se vivi\u00f3 una jornada especialmente significativa para nuestra comunidad educativa. Los apoderados de los IV\u00b0 Medios acompa\u00f1aron a sus hijos e hijas a la sala por \u00faltima vez, en un momento sencillo y profundamente simb\u00f3lico que marc\u00f3 el cierre de su etapa escolar en el Colegio San Ignacio de Concepci\u00f3n.&hellip;<\/p>\n","protected":false},"author":1,"featured_media":10691,"comment_status":"closed","ping_status":"closed","sticky":false,"template":"","format":"standard","meta":[],"categories":[4],"tags":[],"_links":{"self":[{"href":"http:\/\/sanignacioconcepcion.cl\/sitio\/wp-json\/wp\/v2\/posts\/10690"}],"collection":[{"href":"http:\/\/sanignacioconcepcion.cl\/sitio\/wp-json\/wp\/v2\/posts"}],"about":[{"href":"http:\/\/sanignacioconcepcion.cl\/sitio\/wp-json\/wp\/v2\/types\/post"}],"author":[{"embeddable":true,"href":"http:\/\/sanignacioconcepcion.cl\/sitio\/wp-json\/wp\/v2\/users\/1"}],"replies":[{"embeddable":true,"href":"http:\/\/sanignacioconcepcion.cl\/sitio\/wp-json\/wp\/v2\/comments?post=10690"}],"version-history":[{"count":1,"href":"http:\/\/sanignacioconcepcion.cl\/sitio\/wp-json\/wp\/v2\/posts\/10690\/revisions"}],"predecessor-version":[{"id":10692,"href":"http:\/\/sanignacioconcepcion.cl\/sitio\/wp-json\/wp\/v2\/posts\/10690\/revisions\/10692"}],"wp:featuredmedia":[{"embeddable":true,"href":"http:\/\/sanignacioconcepcion.cl\/sitio\/wp-json\/wp\/v2\/media\/10691"}],"wp:attachment":[{"href":"http:\/\/sanignacioconcepcion.cl\/sitio\/wp-json\/wp\/v2\/media?parent=10690"}],"wp:term":[{"taxonomy":"category","embeddable":true,"href":"http:\/\/sanignacioconcepcion.cl\/sitio\/wp-json\/wp\/v2\/categories?post=10690"},{"taxonomy":"post_tag","embeddable":true,"href":"http:\/\/sanignacioconcepcion.cl\/sitio\/wp-json\/wp\/v2\/tags?post=10690"}],"curies":[{"name":"wp","href":"https:\/\/api.w.org\/{rel}","templated":true}]}}